{"id":56118,"date":"2022-06-01T08:44:07","date_gmt":"2022-06-01T11:44:07","guid":{"rendered":"https:\/\/www.centraldenoticias.com.ar\/?p=56118"},"modified":"2022-06-01T10:30:36","modified_gmt":"2022-06-01T13:30:36","slug":"con-las-firmas-de-ciancio-y-frias-la-union-vecinal-se-expreso-en-un-comunicado","status":"publish","type":"post","link":"https:\/\/cdnoticias.com\/index.php\/2022\/06\/01\/con-las-firmas-de-ciancio-y-frias-la-union-vecinal-se-expreso-en-un-comunicado\/","title":{"rendered":"Con las firmas de Ciancio y Fr\u00edas, la Uni\u00f3n Vecinal se expres\u00f3 en un comunicado"},"content":{"rendered":"<p>Fue luego de las cr\u00edticas recibidas tras la primera publicaci\u00f3n donde referentes barriales dijeron que sus firmas fueron incluidas sin consentimiento. Se mostraron \u201corgullosos\u201d de contar entre sus filas con un concejal y una consejera escolar.<!--more--><\/p>\n<hr \/>\n<p>Luego de las cr\u00edticas recibidas en el<a href=\"https:\/\/cdnoticias.com\/index.php\/2022\/05\/27\/la-union-vecinal-de-olavarria-se-solidarizo-con-javier-frias-tras-la-denuncia-en-el-hcd\/\" target=\"_blank\" rel=\"noopener\"> primer comunicado de la Uni\u00f3n Vecinal de Olavarr\u00eda<\/a> en el que se solidarizaron con el concejal de Juntos Javier Fr\u00edas (denunciado por inhabilidad por ser edil y proveedor al mismo tiempo),<strong> la organizaci\u00f3n volvi\u00f3 a expresarse por el mismo medio.<\/strong><\/p>\n<p>&nbsp;<\/p>\n<p>Recordemos que la concejala<a href=\"https:\/\/cdnoticias.com\/index.php\/2022\/05\/28\/desmienten-adhesiones-de-referentes-barriales-en-solidaridad-con-javier-frias\/\" target=\"_blank\" rel=\"noopener\"> Telma Cazot sali\u00f3 al cruce de la publicaci\u00f3n<\/a> y denunci\u00f3 que \u201cno hubo consenso\u201d con dichos representantes barriales y que fueron agregados sin consultar. La edil opositora apunt\u00f3 contra el espacio Uni\u00f3n Vecinal de Olavarr\u00eda <strong>\u201cpromovido por Galli, Mariano Ciancio y algunos de los punteros barriales que trabajaron activamente para Galli desde sus comienzos\u201d.<\/strong><\/p>\n<p>&nbsp;<\/p>\n<p>Adem\u00e1s, la <strong>referente de la Sociedad de Fomento Villa Mailin Lorena Merlo<\/strong> en di\u00e1logo con<a href=\"https:\/\/www.instagram.com\/claudiacbilbao\/\" target=\"_blank\" rel=\"noopener\"> Claudia Bilbao para \u201cDesayuno con Noticias\u201d (Radio M 103.9)<\/a> asegur\u00f3 que \u201cnosotros no sabemos quienes son los de la Uni\u00f3n Vecinal. Es algo que arm\u00f3 Mariano Ciancio, Javier Fr\u00edas, Walter Vega\u201d.<\/p>\n<p>&nbsp;<\/p>\n<p>En esta oportunidad, <strong>el nuevo documento lleva alrededor de 30 firmas, entre otras, las del asesor municipal Mariano Ciancio quien se encuentra separado de su cargo e imputado en la causa que se investiga por venta ilegal de terrenos y de Javier Fr\u00edas, acusado de \u201ccorrupci\u00f3n\u201d por el interbloque Frente de Todos<\/strong> en el marco de la sesi\u00f3n para debatir la Rendici\u00f3n de Cuentas 2021.<\/p>\n<p>&nbsp;<\/p>\n<p><strong>&#8220;Orgullosamente decimos que nuestra Uni\u00f3n Vecinal cuenta con un concejal y una consejera escolar&#8221;<\/strong>, afirmaron.<\/p>\n<p>&nbsp;<\/p>\n<p><img data-recalc-dims=\"1\" loading=\"lazy\" decoding=\"async\" class=\"aligncenter size-full wp-image-56122\" src=\"https:\/\/i0.wp.com\/cdnoticias.com\/wp-content\/uploads\/2022\/06\/comunicado-union-vecinal.jpg?resize=526%2C804&#038;ssl=1\" alt=\"\" width=\"526\" height=\"804\" srcset=\"https:\/\/i0.wp.com\/cdnoticias.com\/wp-content\/uploads\/2022\/06\/comunicado-union-vecinal.jpg?w=526&amp;ssl=1 526w, https:\/\/i0.wp.com\/cdnoticias.com\/wp-content\/uploads\/2022\/06\/comunicado-union-vecinal.jpg?resize=196%2C300&amp;ssl=1 196w\" sizes=\"auto, (max-width: 526px) 100vw, 526px\" \/><\/p>\n<p>&nbsp;<\/p>\n<p><strong><em>El comunicado completo<\/em><\/strong><\/p>\n<p>&nbsp;<\/p>\n<p>El proyecto de la Uni\u00f3n Vecinal Olavarr\u00eda (UVO) surge a ra\u00edz del camino emprendido hace tiempo por un grupo de referentes barriales y vecinos, que trabajan en distintos sectores de la ciudad, con el fin de ayudar y tender una mano a las necesidades de los barrios.<\/p>\n<p>&nbsp;<\/p>\n<p>Como objetivos poseemos el trabajo en conjunto para abordar problem\u00e1ticas sociales, educativas y deportivas, intercambiando opiniones y experiencias entre los integrantes de esta grupo, sin dejar de hablar de pol\u00edtica, con el fin de conformar sumar para ser parte del mejor proyecto de ciudad.<\/p>\n<p>&nbsp;<\/p>\n<p>Desde nuestra agrupaci\u00f3n intentamos aportar para mejorar la calidad de vida de los vecinos.<\/p>\n<p>&nbsp;<\/p>\n<p>Orgullosamente decimos que nuestra Uni\u00f3n Vecinal cuenta con un concejal y una consejera escolar.<\/p>\n<p>&nbsp;<\/p>\n<p>Ante consultas, informamos que integramos la Uni\u00f3n Vecinal Olavarr\u00eda las siguientes personas:<\/p>\n<p>&nbsp;<\/p>\n<p>Walter Vega (DNI 13896280), Flavia Rivarola (DNI 24428472), Alejandra Silveri (DNI 16924203), Carla Ciancio (DNI 40856419), Mariano Ciancio (29343192), Javier Fr\u00edas (DNI 20827724), Vanesa L\u00f3pez (DNI 29718293), Carlos Corval\u00e1n (DNI 8435195), Soledad Ram\u00edrez (DNI 37355103), Iris Arce (DNI 22541172), Pascual Ovejero (DNI 4987031), Francisco Torres (DNI 20607880), Walter Oyhanarte (DNI 22143448), Fernanda Oliv\u00e1n (DNI 26262659), Fabricio Batigelli (DNI 22541159), Alejandro Siris (DNI 24428564), Francisco Vicente (DNI 27883877), M\u00f3nica Valderrey (DNI 36215961), Mariela Gonz\u00e1lez (DNI 26262618), Soledad Elsegood (DNI 34291354), Paula Ibarra (DNI 23773580), Diego Pereyra (DNI 27623724), Fernando Wagner (DNI 27803283), Javier Pad\u00edn (DNI 35168063), Edgardo Casasola (DNI 27122305), Fabricio Schneider (DNI 22541375), Mart\u00edn Capuano (DNI 27622103), Miriam Vi\u00f1uela (DNI 14906435), Marcelo Gadea (DNI 23773100), Beatriz Peralta (DNI 13896579), Jorge Romero (DNI 12544948) y Hilda Saizar (DNI 3949150).<\/p>\n","protected":false},"excerpt":{"rendered":"<p>Fue luego de las cr\u00edticas recibidas tras la primera publicaci\u00f3n donde referentes barriales dijeron que sus firmas fueron incluidas sin<\/p>\n","protected":false},"author":5,"featured_media":56134,"comment_status":"closed","ping_status":"closed","sticky":false,"template":"","format":"standard","meta":{"_jetpack_memberships_contains_paid_content":false,"footnotes":""},"categories":[4,1],"tags":[],"class_list":["post-56118","post","type-post","status-publish","format-standard","has-post-thumbnail","hentry","category-politica","category-portada"],"jetpack_featured_media_url":"https:\/\/i0.wp.com\/cdnoticias.com\/wp-content\/uploads\/2022\/06\/ciancio-frias.jpg?fit=800%2C445&ssl=1","jetpack_sharing_enabled":true,"_links":{"self":[{"href":"https:\/\/cdnoticias.com\/index.php\/wp-json\/wp\/v2\/posts\/56118","targetHints":{"allow":["GET"]}}],"collection":[{"href":"https:\/\/cdnoticias.com\/index.php\/wp-json\/wp\/v2\/posts"}],"about":[{"href":"https:\/\/cdnoticias.com\/index.php\/wp-json\/wp\/v2\/types\/post"}],"author":[{"embeddable":true,"href":"https:\/\/cdnoticias.com\/index.php\/wp-json\/wp\/v2\/users\/5"}],"replies":[{"embeddable":true,"href":"https:\/\/cdnoticias.com\/index.php\/wp-json\/wp\/v2\/comments?post=56118"}],"version-history":[{"count":0,"href":"https:\/\/cdnoticias.com\/index.php\/wp-json\/wp\/v2\/posts\/56118\/revisions"}],"wp:featuredmedia":[{"embeddable":true,"href":"https:\/\/cdnoticias.com\/index.php\/wp-json\/wp\/v2\/media\/56134"}],"wp:attachment":[{"href":"https:\/\/cdnoticias.com\/index.php\/wp-json\/wp\/v2\/media?parent=56118"}],"wp:term":[{"taxonomy":"category","embeddable":true,"href":"https:\/\/cdnoticias.com\/index.php\/wp-json\/wp\/v2\/categories?post=56118"},{"taxonomy":"post_tag","embeddable":true,"href":"https:\/\/cdnoticias.com\/index.php\/wp-json\/wp\/v2\/tags?post=56118"}],"curies":[{"name":"wp","href":"https:\/\/api.w.org\/{rel}","templated":true}]}}