{"id":56111,"date":"2022-05-31T20:32:54","date_gmt":"2022-05-31T23:32:54","guid":{"rendered":"https:\/\/www.centraldenoticias.com.ar\/?p=56111"},"modified":"2022-06-01T08:44:31","modified_gmt":"2022-06-01T11:44:31","slug":"juicio-a-agustin-casado-declararon-testigos-y-los-padres-de-las-victimas","status":"publish","type":"post","link":"https:\/\/cdnoticias.com\/index.php\/2022\/05\/31\/juicio-a-agustin-casado-declararon-testigos-y-los-padres-de-las-victimas\/","title":{"rendered":"Juicio a Agust\u00edn Casado: declararon testigos y los padres de las v\u00edctimas"},"content":{"rendered":"<p>Se desarroll\u00f3 la primera jornada del juicio en Azul. Hubo enojo por no permitir la presencia de los padres en el recinto de Tribunales. Este mi\u00e9rcoles se leer\u00e1n los alegatos y se dictar\u00e1 sentencia. <!--more--><\/p>\n<hr \/>\n<p>Tras el inicio del Juicio por abuso sexual a Agust\u00edn Casado,<strong> la primera jornada en el Tribunal Oral y Criminal N\u00b0 2 de Azul tuvo declaraciones y testimonios de testigos y familiares de las v\u00edctimas, con algunos enojos y avances que tendr\u00e1n este jueves la lectura de alegatos y la posterior sentencia.<\/strong><\/p>\n<p>&nbsp;<\/p>\n<p>Seg\u00fan logr\u00f3 saber Central de Noticias, en la primera jornada pasaron por el Tribunal <strong>testigos y los padres de las v\u00edctimas que prestaron declaraci\u00f3n.<\/strong><\/p>\n<p>&nbsp;<\/p>\n<p><strong>Casado est\u00e1 siendo juzgado por dos abusos sexuales registrados en el a\u00f1o 2016.<\/strong> Cabe recordar que, tras el hecho, el acusado se dio a la fuga hasta 2018, donde fue encontrado en la localidad de Necochea con un DNI falso de nombre Jos\u00e9 Eduardo Crisanto Pic\u00f3n Mi\u00f1o.<\/p>\n<p>&nbsp;<\/p>\n<p>La querella estar\u00e1 representada por el fiscal Marcelo Fern\u00e1ndez, titular de la UFI N\u00ba 1 de Azul y Casado es asistido por el abogado Luciano di Pietro. Una de las v\u00edctimas cuenta con un representante legal, se trata del abogado Lisandro J\u00e1uregui.<\/p>\n<p>&nbsp;<\/p>\n<p>Desde <strong>Animate<\/strong>, agrupaci\u00f3n que sigue los pormenores del juicio en Tribunales, denunciaron que hubo<em><strong> \u201cfalencias\u201d<\/strong> <\/em>en el lugar y que por<strong><em> \u201cla pandemia\u201d<\/em> los padres de las v\u00edctimas no pudieron escuchar y presenciar la jornada en su totalidad \u201c<em>as\u00ed como s\u00ed lo hizo Casado\u201d.<\/em><\/strong><\/p>\n<p>&nbsp;<\/p>\n<blockquote><p><em>\u201cNo es justo que Casado pudo haber presenciado todo el Juicio y los pap\u00e1s de las v\u00edctimas no. Aducen que estamos en pandemia y el lugar es chico, pero no es as\u00ed porque hemos acompa\u00f1ado a otros juicios y padres de las v\u00edctimas han presenciado\u201d<\/em> destacaron en di\u00e1logo con este medio.<\/p><\/blockquote>\n<p>&nbsp;<\/p>\n<p>En la segunda jornada pautada para este mi\u00e9rcoles,<strong> las partes leer\u00e1n los alegatos y se estima que el Tribunal dicte sentencia en el mismo d\u00eda.<\/strong><\/p>\n","protected":false},"excerpt":{"rendered":"<p>Se desarroll\u00f3 la primera jornada del juicio en Azul. Hubo enojo por no permitir la presencia de los padres en<\/p>\n","protected":false},"author":2,"featured_media":56112,"comment_status":"closed","ping_status":"closed","sticky":false,"template":"","format":"standard","meta":{"_jetpack_memberships_contains_paid_content":false,"footnotes":""},"categories":[14,1],"tags":[],"class_list":["post-56111","post","type-post","status-publish","format-standard","has-post-thumbnail","hentry","category-policiales","category-portada"],"jetpack_featured_media_url":"https:\/\/i0.wp.com\/cdnoticias.com\/wp-content\/uploads\/2022\/05\/casado1.jpg?fit=1280%2C712&ssl=1","jetpack_sharing_enabled":true,"_links":{"self":[{"href":"https:\/\/cdnoticias.com\/index.php\/wp-json\/wp\/v2\/posts\/56111","targetHints":{"allow":["GET"]}}],"collection":[{"href":"https:\/\/cdnoticias.com\/index.php\/wp-json\/wp\/v2\/posts"}],"about":[{"href":"https:\/\/cdnoticias.com\/index.php\/wp-json\/wp\/v2\/types\/post"}],"author":[{"embeddable":true,"href":"https:\/\/cdnoticias.com\/index.php\/wp-json\/wp\/v2\/users\/2"}],"replies":[{"embeddable":true,"href":"https:\/\/cdnoticias.com\/index.php\/wp-json\/wp\/v2\/comments?post=56111"}],"version-history":[{"count":0,"href":"https:\/\/cdnoticias.com\/index.php\/wp-json\/wp\/v2\/posts\/56111\/revisions"}],"wp:featuredmedia":[{"embeddable":true,"href":"https:\/\/cdnoticias.com\/index.php\/wp-json\/wp\/v2\/media\/56112"}],"wp:attachment":[{"href":"https:\/\/cdnoticias.com\/index.php\/wp-json\/wp\/v2\/media?parent=56111"}],"wp:term":[{"taxonomy":"category","embeddable":true,"href":"https:\/\/cdnoticias.com\/index.php\/wp-json\/wp\/v2\/categories?post=56111"},{"taxonomy":"post_tag","embeddable":true,"href":"https:\/\/cdnoticias.com\/index.php\/wp-json\/wp\/v2\/tags?post=56111"}],"curies":[{"name":"wp","href":"https:\/\/api.w.org\/{rel}","templated":true}]}}