{"id":56078,"date":"2022-05-31T18:47:42","date_gmt":"2022-05-31T21:47:42","guid":{"rendered":"https:\/\/www.centraldenoticias.com.ar\/?p=56078"},"modified":"2022-05-31T18:50:20","modified_gmt":"2022-05-31T21:50:20","slug":"eduardo-rodriguez-en-el-inicio-de-obras-de-ruta-3-junto-al-presidente-y-sergio-massa","status":"publish","type":"post","link":"https:\/\/cdnoticias.com\/index.php\/2022\/05\/31\/eduardo-rodriguez-en-el-inicio-de-obras-de-ruta-3-junto-al-presidente-y-sergio-massa\/","title":{"rendered":"Eduardo Rodr\u00edguez en el inicio de obras de Ruta 3 junto al Presidente y Sergio Massa"},"content":{"rendered":"<p>Del acto tambi\u00e9n formaron parte el Gobernador Axel Kicillof y el Ministro de Obras P\u00fablicas, Gabriel Katopodis.<!--more--><\/p>\n<hr \/>\n<p>Este martes, el referente del Foro Olavarr\u00eda &#8211; Frente Renovador, <strong>Eduardo Rodr\u00edguez<\/strong>, acompa\u00f1\u00f3 el acto que dio inicio a las<strong> obras que transformar\u00e1n la Ruta Nacional 3 en autopista.<\/strong><\/p>\n<p>&nbsp;<\/p>\n<p>El Presidente <strong>Alberto Fern\u00e1ndez<\/strong> junto al Ministro de Obras P\u00fablicas, <strong>Gabriel Katopodis,<\/strong> encabezaron la ceremonia que cont\u00f3 con la participaci\u00f3n del Gobernador <strong>Axel Kicillof<\/strong> y el presidente de la C\u00e1mara de Diputados de la Naci\u00f3n, <strong>Sergio Massa.<\/strong><\/p>\n<p>&nbsp;<\/p>\n<p><strong>Rodr\u00edguez<\/strong> indic\u00f3 que <strong>\u201ccelebramos el inicio de una obra tan esperada por los bonaerenses y por olavarrienses en particular\u201d.\u00a0\u00a0<\/strong><\/p>\n<p>&nbsp;<\/p>\n<p>La construcci\u00f3n de la <strong>\u201cVariante Ca\u00f1uelas\u201d<\/strong> consiste en una v\u00eda que unir\u00e1 la autopista Ezeiza-Ca\u00f1uelas con la Ruta Nacional 3, convirtiendo \u00e9sta \u00faltima en <strong>autopista entre las ciudades Ca\u00f1uelas y Azul.<\/strong> El emprendimiento <strong>generar\u00e1 150 puestos de trabajo<\/strong> y se estima que<strong> beneficiar\u00e1 a m\u00e1s de 9.000 veh\u00edculos<\/strong> que transitan diariamente el camino entre dichas localidades.<\/p>\n<p>&nbsp;<\/p>\n<p>Esta obra estaba incluida en uno de los proyectos que formaban parte de la modalidad de contrataci\u00f3n de Participaci\u00f3n P\u00fablico \u2013 Privada (PPP), impulsado durante el Gobierno de Mauricio Macri y que, luego de dos a\u00f1os, solo contaban con una <strong>ejecuci\u00f3n del 2%<\/strong>, y cuyos convenios fueron rescindidos por el Ministerio de Obras P\u00fablicas en com\u00fan acuerdo con las empresas adjudicatarias.<\/p>\n","protected":false},"excerpt":{"rendered":"<p>Del acto tambi\u00e9n formaron parte el Gobernador Axel Kicillof y el Ministro de Obras P\u00fablicas, Gabriel Katopodis.<\/p>\n","protected":false},"author":6,"featured_media":56079,"comment_status":"closed","ping_status":"closed","sticky":false,"template":"","format":"standard","meta":{"_jetpack_memberships_contains_paid_content":false,"footnotes":""},"categories":[4,1],"tags":[],"class_list":["post-56078","post","type-post","status-publish","format-standard","has-post-thumbnail","hentry","category-politica","category-portada"],"jetpack_featured_media_url":"https:\/\/i0.wp.com\/cdnoticias.com\/wp-content\/uploads\/2022\/05\/Eduardo-Rodriguez-Ruta-3.jpeg?fit=800%2C500&ssl=1","jetpack_sharing_enabled":true,"_links":{"self":[{"href":"https:\/\/cdnoticias.com\/index.php\/wp-json\/wp\/v2\/posts\/56078","targetHints":{"allow":["GET"]}}],"collection":[{"href":"https:\/\/cdnoticias.com\/index.php\/wp-json\/wp\/v2\/posts"}],"about":[{"href":"https:\/\/cdnoticias.com\/index.php\/wp-json\/wp\/v2\/types\/post"}],"author":[{"embeddable":true,"href":"https:\/\/cdnoticias.com\/index.php\/wp-json\/wp\/v2\/users\/6"}],"replies":[{"embeddable":true,"href":"https:\/\/cdnoticias.com\/index.php\/wp-json\/wp\/v2\/comments?post=56078"}],"version-history":[{"count":0,"href":"https:\/\/cdnoticias.com\/index.php\/wp-json\/wp\/v2\/posts\/56078\/revisions"}],"wp:featuredmedia":[{"embeddable":true,"href":"https:\/\/cdnoticias.com\/index.php\/wp-json\/wp\/v2\/media\/56079"}],"wp:attachment":[{"href":"https:\/\/cdnoticias.com\/index.php\/wp-json\/wp\/v2\/media?parent=56078"}],"wp:term":[{"taxonomy":"category","embeddable":true,"href":"https:\/\/cdnoticias.com\/index.php\/wp-json\/wp\/v2\/categories?post=56078"},{"taxonomy":"post_tag","embeddable":true,"href":"https:\/\/cdnoticias.com\/index.php\/wp-json\/wp\/v2\/tags?post=56078"}],"curies":[{"name":"wp","href":"https:\/\/api.w.org\/{rel}","templated":true}]}}