{"id":5602,"date":"2020-11-04T10:41:23","date_gmt":"2020-11-04T13:41:23","guid":{"rendered":"http:\/\/www.centraldenoticias.com.ar\/?p=5602"},"modified":"2020-11-04T15:53:12","modified_gmt":"2020-11-04T18:53:12","slug":"reanudan-la-busqueda-de-jonatan-en-canteras-de-las-localidades","status":"publish","type":"post","link":"https:\/\/cdnoticias.com\/index.php\/2020\/11\/04\/reanudan-la-busqueda-de-jonatan-en-canteras-de-las-localidades\/","title":{"rendered":"Reanudan la b\u00fasqueda de Jonatan en canteras de las localidades"},"content":{"rendered":"<p>Personal policial, junto con familiares, recorren la zona de canteras en b\u00fasqueda del joven desaparecido desde la tarde del domingo. Se mantiene el pedido de aportar informaci\u00f3n y se intensifican los trabajos.<!--more--><\/p>\n<hr \/>\n<p>En la jornada de este mi\u00e9rcoles, personal policial y familiares reanudaron la b\u00fasqueda del joven desaparecido <strong>Jonatan Torres, quien se ausent\u00f3 desde su casa el pasado domingo y no se supo m\u00e1s nada.<\/strong> En este sentido, <a href=\"https:\/\/cdnoticias.com\/index.php\/2020\/11\/03\/busqueda-de-jonatan-continuan-los-rastrillajes-pero-escasean-los-datos\/\" target=\"_blank\" rel=\"noopener\">reanudaron el pedido de brindar informaci\u00f3n en caso de tener alg\u00fan dato y se intensifican los trabajos.<\/a><\/p>\n<p>&nbsp;<\/p>\n<blockquote><p>Seg\u00fan logr\u00f3 saber Central de Noticias, ahora los rastrillajes se trasladaron a la zona de canteras, m\u00e1s precisamente en el predio de la empresa Loma Negra.<\/p><\/blockquote>\n<p>&nbsp;<\/p>\n<p>Las tareas investigativas no s\u00f3lo con el an\u00e1lisis de las c\u00e1maras sino tambi\u00e9n con el trabajo de canes de la divisi\u00f3n Canina de Olavarr\u00eda determinaron que <strong>la centralizaci\u00f3n de la b\u00fasqueda sea en la zona de la ruta provincial 51 en direcci\u00f3n a la localidad de Loma Negra, y se fue profundizando con el correr de las horas hasta llegar, ahora, a la zona de la f\u00e1brica hom\u00f3nima.<\/strong> Toda esta zona es de dif\u00edcil acceso para el p\u00fablico en general, y <strong>suele ser utilizada por corredores y ciclistas que realizan actividad deportiva en el lugar.<\/strong><\/p>\n<p>&nbsp;<\/p>\n<blockquote><p>Tambi\u00e9n se encuentra presente personal de Defensa Civil que recorre con un drone toda la zona a la par que se realiza, por tierra, los respectivos rastrillajes.<\/p><\/blockquote>\n<p>&nbsp;<\/p>\n<p>Familiares del joven desaparecido, en di\u00e1logo con Central de Noticias,<strong> solicitaron a empresas y firmas que se encuentran radicadas <a href=\"https:\/\/cdnoticias.com\/index.php\/2020\/11\/02\/busqueda-de-jonatan-pedido-urgente-de-colaboracion-a-la-comunidad\/\" target=\"_blank\" rel=\"noopener\">en toda la zona donde se vio por \u00faltima vez a Jonatan<\/a> que puedan acercar, a las autoridades policiales, filmaciones que permitan dar con alg\u00fan otro detalle que permita encontrar al joven desaparecido desde el pasado domingo por la tarde<\/strong>, cuando se lo vio por \u00faltima vez a la salida de su trabajo.<\/p>\n<p>&nbsp;<\/p>\n<p>Efectivos de Comisar\u00eda Primera y dependencias de todas las localidades comenzaron una intensa b\u00fasqueda que <strong>continuar\u00e1, en caso de arrojar saldo negativo en la b\u00fasqueda, durante la tarde de este mi\u00e9rcoles<\/strong> en la zona lindera a los rastrillajes de la ma\u00f1ana.<\/p>\n","protected":false},"excerpt":{"rendered":"<p>Personal policial, junto con familiares, recorren la zona de canteras en b\u00fasqueda del joven desaparecido desde la tarde del domingo.<\/p>\n","protected":false},"author":2,"featured_media":5570,"comment_status":"closed","ping_status":"closed","sticky":false,"template":"","format":"standard","meta":{"_jetpack_memberships_contains_paid_content":false,"footnotes":""},"categories":[5,1],"tags":[],"class_list":["post-5602","post","type-post","status-publish","format-standard","has-post-thumbnail","hentry","category-informacion-general","category-portada"],"jetpack_featured_media_url":"https:\/\/i0.wp.com\/cdnoticias.com\/wp-content\/uploads\/2020\/11\/WhatsApp-Image-2020-11-03-at-14.45.23.jpeg?fit=1280%2C720&ssl=1","jetpack_sharing_enabled":true,"_links":{"self":[{"href":"https:\/\/cdnoticias.com\/index.php\/wp-json\/wp\/v2\/posts\/5602","targetHints":{"allow":["GET"]}}],"collection":[{"href":"https:\/\/cdnoticias.com\/index.php\/wp-json\/wp\/v2\/posts"}],"about":[{"href":"https:\/\/cdnoticias.com\/index.php\/wp-json\/wp\/v2\/types\/post"}],"author":[{"embeddable":true,"href":"https:\/\/cdnoticias.com\/index.php\/wp-json\/wp\/v2\/users\/2"}],"replies":[{"embeddable":true,"href":"https:\/\/cdnoticias.com\/index.php\/wp-json\/wp\/v2\/comments?post=5602"}],"version-history":[{"count":0,"href":"https:\/\/cdnoticias.com\/index.php\/wp-json\/wp\/v2\/posts\/5602\/revisions"}],"wp:featuredmedia":[{"embeddable":true,"href":"https:\/\/cdnoticias.com\/index.php\/wp-json\/wp\/v2\/media\/5570"}],"wp:attachment":[{"href":"https:\/\/cdnoticias.com\/index.php\/wp-json\/wp\/v2\/media?parent=5602"}],"wp:term":[{"taxonomy":"category","embeddable":true,"href":"https:\/\/cdnoticias.com\/index.php\/wp-json\/wp\/v2\/categories?post=5602"},{"taxonomy":"post_tag","embeddable":true,"href":"https:\/\/cdnoticias.com\/index.php\/wp-json\/wp\/v2\/tags?post=5602"}],"curies":[{"name":"wp","href":"https:\/\/api.w.org\/{rel}","templated":true}]}}