{"id":55959,"date":"2022-06-01T08:09:52","date_gmt":"2022-06-01T11:09:52","guid":{"rendered":"https:\/\/www.centraldenoticias.com.ar\/?p=55959"},"modified":"2022-06-01T08:09:52","modified_gmt":"2022-06-01T11:09:52","slug":"ciclo-de-cine-2022-se-proyectara-la-pelicula-lars-and-the-real-girl","status":"publish","type":"post","link":"https:\/\/cdnoticias.com\/index.php\/2022\/06\/01\/ciclo-de-cine-2022-se-proyectara-la-pelicula-lars-and-the-real-girl\/","title":{"rendered":"Ciclo de Cine 2022: se proyectar\u00e1 la pel\u00edcula &#8220;Lars and the real girl&#8221;"},"content":{"rendered":"<p>Ser\u00e1 este mi\u00e9rcoles 1 de junio a las 20:30 en Insurgente. Entrada libre y gratuita.<!--more--><\/p>\n<hr \/>\n<p>&nbsp;<\/p>\n<p>Este<b> mi\u00e9rcoles 1 de junio a las 20:30<\/b>\u00a0se\u00a0<strong>proyectar\u00e1 la pel\u00edcula \u201cLars and the real girl&#8221; (2007) <\/strong>en <strong>Insurgente<\/strong>, ubicado en\u00a0<strong>Belgrano 3345.<\/strong><\/p>\n<p>&nbsp;<\/p>\n<p>El film dirigido por<strong> Craig Gillespie<\/strong> y protagonizado por <strong>Ryan Gosling <\/strong>&#8220;se trata de un drama que logra emocionar. Una historia muy peculiar que habla de amor, compasi\u00f3n y v\u00ednculos, entre otras cosas. Sin dudas, una pel\u00edcula que va a movilizar a todas las personas que la vean&#8221; se indic\u00f3.<\/p>\n<p>&nbsp;<\/p>\n<p>Luego de la proyecci\u00f3n se har\u00e1 un\u00a0<strong>an\u00e1lisis grupal del film.\u00a0<\/strong>La entrada es<strong>\u00a0libre y gratuita<\/strong>, aunque se podr\u00e1 hacer una\u00a0colaboraci\u00f3n voluntaria.<strong>\u00a0Adem\u00e1s habr\u00e1\u00a0servicio de cantina.<\/strong><\/p>\n<p>&nbsp;<\/p>\n<article id=\"post-53433\" class=\"post-53433 post type-post status-publish format-standard has-post-thumbnail hentry category-cultura\">\n<div class=\"article-content clearfix\">\n<div class=\"entry-content clearfix\">\n<p>Se aclar\u00f3 que\u00a0<strong>no se suspende por lluvia.<\/strong><\/p>\n<\/div>\n<\/div>\n<\/article>\n","protected":false},"excerpt":{"rendered":"<p>Ser\u00e1 este mi\u00e9rcoles 1 de junio a las 20:30 en Insurgente. Entrada libre y gratuita.<\/p>\n","protected":false},"author":6,"featured_media":55960,"comment_status":"closed","ping_status":"closed","sticky":false,"template":"","format":"standard","meta":{"_jetpack_memberships_contains_paid_content":false,"footnotes":""},"categories":[9,1],"tags":[],"class_list":["post-55959","post","type-post","status-publish","format-standard","has-post-thumbnail","hentry","category-cultura","category-portada"],"jetpack_featured_media_url":"https:\/\/i0.wp.com\/cdnoticias.com\/wp-content\/uploads\/2022\/05\/Diseno-sin-titulo-26.jpg?fit=1920%2C1080&ssl=1","jetpack_sharing_enabled":true,"_links":{"self":[{"href":"https:\/\/cdnoticias.com\/index.php\/wp-json\/wp\/v2\/posts\/55959","targetHints":{"allow":["GET"]}}],"collection":[{"href":"https:\/\/cdnoticias.com\/index.php\/wp-json\/wp\/v2\/posts"}],"about":[{"href":"https:\/\/cdnoticias.com\/index.php\/wp-json\/wp\/v2\/types\/post"}],"author":[{"embeddable":true,"href":"https:\/\/cdnoticias.com\/index.php\/wp-json\/wp\/v2\/users\/6"}],"replies":[{"embeddable":true,"href":"https:\/\/cdnoticias.com\/index.php\/wp-json\/wp\/v2\/comments?post=55959"}],"version-history":[{"count":0,"href":"https:\/\/cdnoticias.com\/index.php\/wp-json\/wp\/v2\/posts\/55959\/revisions"}],"wp:featuredmedia":[{"embeddable":true,"href":"https:\/\/cdnoticias.com\/index.php\/wp-json\/wp\/v2\/media\/55960"}],"wp:attachment":[{"href":"https:\/\/cdnoticias.com\/index.php\/wp-json\/wp\/v2\/media?parent=55959"}],"wp:term":[{"taxonomy":"category","embeddable":true,"href":"https:\/\/cdnoticias.com\/index.php\/wp-json\/wp\/v2\/categories?post=55959"},{"taxonomy":"post_tag","embeddable":true,"href":"https:\/\/cdnoticias.com\/index.php\/wp-json\/wp\/v2\/tags?post=55959"}],"curies":[{"name":"wp","href":"https:\/\/api.w.org\/{rel}","templated":true}]}}