{"id":55956,"date":"2022-05-30T15:06:25","date_gmt":"2022-05-30T18:06:25","guid":{"rendered":"https:\/\/www.centraldenoticias.com.ar\/?p=55956"},"modified":"2022-05-30T15:06:25","modified_gmt":"2022-05-30T18:06:25","slug":"los-casos-de-covid-aumentaron-pero-a-menor-velocidad-aseguran-desde-provincia","status":"publish","type":"post","link":"https:\/\/cdnoticias.com\/index.php\/2022\/05\/30\/los-casos-de-covid-aumentaron-pero-a-menor-velocidad-aseguran-desde-provincia\/","title":{"rendered":"\u201cLos casos de Covid aumentaron, pero a menor velocidad\u201d, aseguran desde Provincia"},"content":{"rendered":"<p>Los contagios en esta cuarta ola crecieron \u201cpero con menor velocidad\u201d.<!--more--><\/p>\n<hr \/>\n<p><strong>El ministro de Salud bonaerense, Nicol\u00e1s Kreplak, afirm\u00f3 este lunes que si bien no est\u00e1 bajando la cantidad de casos de coronavirus, s\u00ed descendi\u00f3 la velocidad de los contagios<\/strong>.\u00a0\u201cEstamos cursando una ola importante de casos, lo que sucede es que el aumento exponencial de casos que se ven\u00eda dando viene cada vez en menor velocidad. No est\u00e1 bajando la cantidad de casos, pero la semana pasada registr\u00e1bamos un 100% semanalmente y<strong> esta semana que comienza aument\u00f3 un 26%\u201d<\/strong>, dijo el ministro al referirse a la situaci\u00f3n epidemiol\u00f3gica en la provincia de Buenos Aires.<\/p>\n<p>&nbsp;<\/p>\n<p>Respecto a las hospitalizaciones, el titular de la cartera sanitaria bonaerense precis\u00f3 que se registra \u201cmuy poca variaci\u00f3n\u201d y agreg\u00f3: \u201cHa sido una ola con una buena cantidad de casos, que se est\u00e1 controlando aparentemente, y que <strong>no afect\u00f3 en la cantidad de internaciones\u201d<\/strong>.<\/p>\n<p>&nbsp;<\/p>\n<p>En relaci\u00f3n a quienes deben realizarse un testeo, el ministro se refiri\u00f3 al actual protocolo y dijo que <strong>\u201cse testea a personas que tienen condiciones de riesgo especiales o que se internan y tienen s\u00edntomas compatibles\u201d<\/strong>.<\/p>\n<p>&nbsp;<\/p>\n<p>Tambi\u00e9n, detall\u00f3, \u201clos casos se miden en una serie de <strong>unidades de monitorio ambulatorio<\/strong>, estas unidades centinelas lo que hacen es tomar muestras de la poblaci\u00f3n, ah\u00ed podemos ver c\u00f3mo estamos respecto del flujo\u201d.<\/p>\n<p>&nbsp;<\/p>\n<p>\u201cNo podemos nominalizar caso por caso y esto se debe a que la b\u00fasqueda de caso por caso, que se us\u00f3 hasta marzo, ten\u00eda que ver con el objetivo de la identificaci\u00f3n de los contactos estrechos para reducir la circulaci\u00f3n y contener contagios. <strong>Una vez que la campa\u00f1a de vacunaci\u00f3n logra el efecto de reducir la letalidad, el reducir la circulaci\u00f3n de la poblaci\u00f3n para evitar contagios deja de ser el objetivo principal\u201d<\/strong>, precis\u00f3.<\/p>\n<p>&nbsp;<\/p>\n<p>Por eso, resumi\u00f3 que se puede monitorear la situaci\u00f3n sanitaria mediante \u201cconsultas ambulatorias, por internaciones, pero tambi\u00e9n por estas unidades ambulatorias\u201d.\u00a0<strong>Sobre las personas que tienen s\u00edntomas, Kreplak reiter\u00f3 que no deben asistir a trabajos o escuelas<\/strong>.<\/p>\n<p>&nbsp;<\/p>\n<blockquote><p>\u201cCuando uno tiene los s\u00edntomas de la enfermedad compatible con Influenza o con Covid, como congesti\u00f3n, dolor de garganta, fiebre, sin necesidad de saber si es espec\u00edficamente un virus, hay que hacer aislamiento cinco d\u00edas o los d\u00edas que uno sea sintom\u00e1ticos, y diez d\u00edas con m\u00e1xima protecci\u00f3n, barbijo y ventilaci\u00f3n despu\u00e9s\u201d, coment\u00f3.<\/p><\/blockquote>\n<p>&nbsp;<\/p>\n<p>Por \u00faltimo, <strong>destac\u00f3 la eficacia de la vacuna<\/strong> y dijo que actualmente \u201cla ocurrencia de casos graves en relaci\u00f3n a otros momentos es baj\u00edsima, casi no ha aumentado la terapia intensiva en esta cuarta ola, y eso muestra la tremenda eficacia de la campa\u00f1a de vacunaci\u00f3n\u201d.<\/p>\n<p>&nbsp;<\/p>\n<p>\u201cTenemos (en la provincia) <strong>40 millones de aplicaciones de segunda dosis, casi 89%, pero por debajo del 60% en tercera dosis\u201d,<\/strong> advirti\u00f3, aunque reconoci\u00f3 que \u201cest\u00e1 aumentando\u201d la poblaci\u00f3n que se acerca por el primer y segundo refuerzo.<\/p>\n<p>&nbsp;<\/p>\n<blockquote><p>Record\u00f3 que en territorio bonaerense, \u201chay vacuna libre, sin turno para los mayores de 5 a\u00f1os en tercera dosis, y para los mayores de 18 a\u00f1os hay vacuna libre y federal para la cuarta dosis\u201d.<\/p><\/blockquote>\n<p>&nbsp;<\/p>\n<p>Fuente: <em>Agencia DIB<\/em><\/p>\n","protected":false},"excerpt":{"rendered":"<p>Los contagios en esta cuarta ola crecieron \u201cpero con menor velocidad\u201d.<\/p>\n","protected":false},"author":4,"featured_media":55957,"comment_status":"closed","ping_status":"closed","sticky":false,"template":"","format":"standard","meta":{"_jetpack_memberships_contains_paid_content":false,"footnotes":""},"categories":[16],"tags":[],"class_list":["post-55956","post","type-post","status-publish","format-standard","has-post-thumbnail","hentry","category-covid-19"],"jetpack_featured_media_url":"https:\/\/i0.wp.com\/cdnoticias.com\/wp-content\/uploads\/2022\/05\/covid-colectivo-1068x712-1.jpg?fit=1068%2C712&ssl=1","jetpack_sharing_enabled":true,"_links":{"self":[{"href":"https:\/\/cdnoticias.com\/index.php\/wp-json\/wp\/v2\/posts\/55956","targetHints":{"allow":["GET"]}}],"collection":[{"href":"https:\/\/cdnoticias.com\/index.php\/wp-json\/wp\/v2\/posts"}],"about":[{"href":"https:\/\/cdnoticias.com\/index.php\/wp-json\/wp\/v2\/types\/post"}],"author":[{"embeddable":true,"href":"https:\/\/cdnoticias.com\/index.php\/wp-json\/wp\/v2\/users\/4"}],"replies":[{"embeddable":true,"href":"https:\/\/cdnoticias.com\/index.php\/wp-json\/wp\/v2\/comments?post=55956"}],"version-history":[{"count":0,"href":"https:\/\/cdnoticias.com\/index.php\/wp-json\/wp\/v2\/posts\/55956\/revisions"}],"wp:featuredmedia":[{"embeddable":true,"href":"https:\/\/cdnoticias.com\/index.php\/wp-json\/wp\/v2\/media\/55957"}],"wp:attachment":[{"href":"https:\/\/cdnoticias.com\/index.php\/wp-json\/wp\/v2\/media?parent=55956"}],"wp:term":[{"taxonomy":"category","embeddable":true,"href":"https:\/\/cdnoticias.com\/index.php\/wp-json\/wp\/v2\/categories?post=55956"},{"taxonomy":"post_tag","embeddable":true,"href":"https:\/\/cdnoticias.com\/index.php\/wp-json\/wp\/v2\/tags?post=55956"}],"curies":[{"name":"wp","href":"https:\/\/api.w.org\/{rel}","templated":true}]}}