{"id":55937,"date":"2022-05-30T13:24:45","date_gmt":"2022-05-30T16:24:45","guid":{"rendered":"https:\/\/www.centraldenoticias.com.ar\/?p=55937"},"modified":"2022-05-31T07:49:06","modified_gmt":"2022-05-31T10:49:06","slug":"asistencia-alimentaria-mas-de-2-400-familias-pasaran-a-ser-beneficiarias-por-tarjeta","status":"publish","type":"post","link":"https:\/\/cdnoticias.com\/index.php\/2022\/05\/30\/asistencia-alimentaria-mas-de-2-400-familias-pasaran-a-ser-beneficiarias-por-tarjeta\/","title":{"rendered":"Asistencia alimentaria: m\u00e1s de 2.400 familias pasar\u00e1n a ser beneficiarias por tarjeta"},"content":{"rendered":"<p>El intendente Ezequiel Galli anunci\u00f3 el cambio del sistema con un aumento de la asignaci\u00f3n de 25%. En los STM se entregar\u00e1n las tarjetas desde este lunes.<!--more--><\/p>\n<hr \/>\n<p><strong>Desde junio 3.519 familias de Olavarr\u00eda van a recibir a trav\u00e9s de una tarjeta bancaria la asistencia alimentaria que mensualmente otorga la Municipalidad<\/strong>: de ellas, 2.493 dejar\u00e1n de recibir la bolsa de alimentos y acceder\u00e1n al cobro bancario.<\/p>\n<p>&nbsp;<\/p>\n<blockquote><p>El cambio de sistema se anunci\u00f3 este lunes en una conferencia de prensa que encabez\u00f3 el intendente Ezequiel Galli quien defini\u00f3 \u201cac\u00e1 el estado est\u00e1 respondiendo con hechos concretos priorizando la transparencia, al comercio local, que cada familia tenga el tiempo que le llevaba hacer la cola para recibir la bolsa en usarlo para lo que gusten\u201d.<\/p><\/blockquote>\n<p>&nbsp;<\/p>\n<p>Entre las principales novedades que expuso el jefe comunal se contaron adem\u00e1s que <strong>en junio las tarjetas se entregar\u00e1n con un aumento de 25% en la asignaci\u00f3n<\/strong>. Se inform\u00f3 que cuatrimestralmente se actualizar\u00e1 el aporte municipal.<\/p>\n<p>&nbsp;<\/p>\n<p><img data-recalc-dims=\"1\" loading=\"lazy\" decoding=\"async\" class=\"size-large wp-image-55929 aligncenter\" src=\"https:\/\/i0.wp.com\/cdnoticias.com\/wp-content\/uploads\/2022\/05\/tarjeta-alimentaria-02.jpg?resize=800%2C445&#038;ssl=1\" alt=\"\" width=\"800\" height=\"445\" srcset=\"https:\/\/i0.wp.com\/cdnoticias.com\/wp-content\/uploads\/2022\/05\/tarjeta-alimentaria-02-scaled.jpg?resize=1024%2C570&amp;ssl=1 1024w, https:\/\/i0.wp.com\/cdnoticias.com\/wp-content\/uploads\/2022\/05\/tarjeta-alimentaria-02-scaled.jpg?resize=300%2C167&amp;ssl=1 300w, https:\/\/i0.wp.com\/cdnoticias.com\/wp-content\/uploads\/2022\/05\/tarjeta-alimentaria-02-scaled.jpg?resize=768%2C427&amp;ssl=1 768w, https:\/\/i0.wp.com\/cdnoticias.com\/wp-content\/uploads\/2022\/05\/tarjeta-alimentaria-02-scaled.jpg?resize=1536%2C855&amp;ssl=1 1536w, https:\/\/i0.wp.com\/cdnoticias.com\/wp-content\/uploads\/2022\/05\/tarjeta-alimentaria-02-scaled.jpg?resize=2048%2C1139&amp;ssl=1 2048w, https:\/\/i0.wp.com\/cdnoticias.com\/wp-content\/uploads\/2022\/05\/tarjeta-alimentaria-02-scaled.jpg?resize=800%2C445&amp;ssl=1 800w, https:\/\/i0.wp.com\/cdnoticias.com\/wp-content\/uploads\/2022\/05\/tarjeta-alimentaria-02-scaled.jpg?w=1600&amp;ssl=1 1600w, https:\/\/i0.wp.com\/cdnoticias.com\/wp-content\/uploads\/2022\/05\/tarjeta-alimentaria-02-scaled.jpg?w=2400&amp;ssl=1 2400w\" sizes=\"auto, (max-width: 800px) 100vw, 800px\" \/><\/p>\n<p>&nbsp;<\/p>\n<p><strong>Desde este lunes se entregar\u00e1n las tarjetas en los Servicios Territoriales Municipales<\/strong> y del 1 al 10 de cada mes se har\u00e1 el dep\u00f3sito del monto correspondiente. En esta ocasi\u00f3n se har\u00e1 el 5 de junio. <strong>\u201cEs una tarjeta precargada\u201d se aclar\u00f3 con lo que los beneficiarios no requerir\u00e1n tener cuenta bancaria<\/strong>.<\/p>\n<p>&nbsp;<\/p>\n<p><strong>Quienes reciben la tarjeta Cabal percibir\u00e1n 2.000 pesos mensuales y quienes hasta ahora acced\u00edan a los bolsones de comida tendr\u00e1n 3.000 pesos por mes<\/strong> a disposici\u00f3n en las tarjetas precargadas. El Intendente enfatiz\u00f3 que se destinan 10 millones de pesos por mes para este programa.<\/p>\n<p>&nbsp;<\/p>\n<p>En la conferencia, Ezequiel Galli estuvo acompa\u00f1ado por <strong>el secretario de Desarrollo Humano y Calidad de Vida, Diego Robbiani, la subsecretaria de Desarrollo Social, Silvana Rosales, y Mart\u00edn Martino del banco Credicoop<\/strong>. En el Sal\u00f3n Blanco, donde se llev\u00f3 adelante el anuncio, estuvieron tambi\u00e9n <em>el secretario de Gobierno, Hilario Galli, la presidenta del HCD, Cecilia Krivochen, los concejales de Juntos Mart\u00edn Endere, Javier Fr\u00edas, Maite Salerno, Miriam Mosescu, Carlos Coscia y Nicol\u00e1s Marinangelli. Asimismo, se hizo presente el subsecretario de Cultura, Bruno Cenizo.<\/em><\/p>\n<p>&nbsp;<\/p>\n<p><img data-recalc-dims=\"1\" loading=\"lazy\" decoding=\"async\" class=\"size-large wp-image-55932 aligncenter\" src=\"https:\/\/i0.wp.com\/cdnoticias.com\/wp-content\/uploads\/2022\/05\/tarjeta-alimentaria-05.jpg?resize=800%2C445&#038;ssl=1\" alt=\"\" width=\"800\" height=\"445\" srcset=\"https:\/\/i0.wp.com\/cdnoticias.com\/wp-content\/uploads\/2022\/05\/tarjeta-alimentaria-05-scaled.jpg?resize=1024%2C570&amp;ssl=1 1024w, https:\/\/i0.wp.com\/cdnoticias.com\/wp-content\/uploads\/2022\/05\/tarjeta-alimentaria-05-scaled.jpg?resize=300%2C167&amp;ssl=1 300w, https:\/\/i0.wp.com\/cdnoticias.com\/wp-content\/uploads\/2022\/05\/tarjeta-alimentaria-05-scaled.jpg?resize=768%2C427&amp;ssl=1 768w, https:\/\/i0.wp.com\/cdnoticias.com\/wp-content\/uploads\/2022\/05\/tarjeta-alimentaria-05-scaled.jpg?resize=1536%2C855&amp;ssl=1 1536w, https:\/\/i0.wp.com\/cdnoticias.com\/wp-content\/uploads\/2022\/05\/tarjeta-alimentaria-05-scaled.jpg?resize=2048%2C1140&amp;ssl=1 2048w, https:\/\/i0.wp.com\/cdnoticias.com\/wp-content\/uploads\/2022\/05\/tarjeta-alimentaria-05-scaled.jpg?resize=800%2C445&amp;ssl=1 800w, https:\/\/i0.wp.com\/cdnoticias.com\/wp-content\/uploads\/2022\/05\/tarjeta-alimentaria-05-scaled.jpg?w=1600&amp;ssl=1 1600w, https:\/\/i0.wp.com\/cdnoticias.com\/wp-content\/uploads\/2022\/05\/tarjeta-alimentaria-05-scaled.jpg?w=2400&amp;ssl=1 2400w\" sizes=\"auto, (max-width: 800px) 100vw, 800px\" \/><\/p>\n<p>&nbsp;<\/p>\n<p>El intendente adelant\u00f3 que en el mismo acto se har\u00eda una entrega simb\u00f3lica de las primeras tarjetas.<strong> Tres beneficiarios, Adriana, Daniela y Hugo, estuvieron en el Palacio Municipal para recibir sus tarjetas.<\/strong><\/p>\n<p>&nbsp;<\/p>\n<p><strong>Crecimiento y transparencia<\/strong><\/p>\n<p>&nbsp;<\/p>\n<p><strong>\u201cEs un d\u00eda de muy buenas noticias para el Municipio, para los olavarrienses y para los beneficiarios\u201d<\/strong> dijo Galli para remarcar el anuncio. En el inicio de su exposici\u00f3n el Intendente record\u00f3 que \u201cel programa alimentario se inici\u00f3 hace algunos a\u00f1os con la entrega de alimentos para familias que requieren del estado municipal\u201d y habl\u00f3 del cambio de sistema como <strong>\u201cun paso m\u00e1s en el crecimiento del programa\u201d el cual defini\u00f3 como \u201cde mejora, de transparencia\u201d.<\/strong><\/p>\n<p>&nbsp;<\/p>\n<p><img data-recalc-dims=\"1\" loading=\"lazy\" decoding=\"async\" class=\"size-large wp-image-55930 aligncenter\" src=\"https:\/\/i0.wp.com\/cdnoticias.com\/wp-content\/uploads\/2022\/05\/tarjeta-alimentaria-03.jpg?resize=800%2C445&#038;ssl=1\" alt=\"\" width=\"800\" height=\"445\" srcset=\"https:\/\/i0.wp.com\/cdnoticias.com\/wp-content\/uploads\/2022\/05\/tarjeta-alimentaria-03-scaled.jpg?resize=1024%2C570&amp;ssl=1 1024w, https:\/\/i0.wp.com\/cdnoticias.com\/wp-content\/uploads\/2022\/05\/tarjeta-alimentaria-03-scaled.jpg?resize=300%2C167&amp;ssl=1 300w, https:\/\/i0.wp.com\/cdnoticias.com\/wp-content\/uploads\/2022\/05\/tarjeta-alimentaria-03-scaled.jpg?resize=768%2C427&amp;ssl=1 768w, https:\/\/i0.wp.com\/cdnoticias.com\/wp-content\/uploads\/2022\/05\/tarjeta-alimentaria-03-scaled.jpg?resize=1536%2C855&amp;ssl=1 1536w, https:\/\/i0.wp.com\/cdnoticias.com\/wp-content\/uploads\/2022\/05\/tarjeta-alimentaria-03-scaled.jpg?resize=2048%2C1140&amp;ssl=1 2048w, https:\/\/i0.wp.com\/cdnoticias.com\/wp-content\/uploads\/2022\/05\/tarjeta-alimentaria-03-scaled.jpg?resize=800%2C445&amp;ssl=1 800w, https:\/\/i0.wp.com\/cdnoticias.com\/wp-content\/uploads\/2022\/05\/tarjeta-alimentaria-03-scaled.jpg?w=1600&amp;ssl=1 1600w, https:\/\/i0.wp.com\/cdnoticias.com\/wp-content\/uploads\/2022\/05\/tarjeta-alimentaria-03-scaled.jpg?w=2400&amp;ssl=1 2400w\" sizes=\"auto, (max-width: 800px) 100vw, 800px\" \/><\/p>\n<p>&nbsp;<\/p>\n<p>Explic\u00f3 que<strong> 1.026 beneficiarios de la asistencia municipal ya ten\u00edan tarjeta Cabal<\/strong> y ahora se suman <strong>2.493 nuevas familias que tambi\u00e9n acceder\u00e1n al programa mediante una tarjeta<\/strong>. \u201cVan a dejar de recibir una bolsa, van a recibir una tarjeta para comprar en comercios de barrio, panader\u00edas, despensas, supermercados, almacenes los alimentos que requieran\u201d dijo. M\u00e1s adelante hizo referencia a<strong> la importancia de la posibilidad que tendr\u00e1n los beneficiarios de acceder a los alimentos que elijan en los locales donde gusten, algunos de los cuales ofrecen descuentos y promociones espec\u00edficos para este tipo de compras.<\/strong><\/p>\n<p>&nbsp;<\/p>\n<p>Ezequiel Galli explic\u00f3 que <strong>el cambio impactar\u00e1 tambi\u00e9n \u201cen la din\u00e1mica\u201d de entrega de las bolsas<\/strong>: las familias ya no tendr\u00e1n que ir a buscarlas y los empleados municipales ya no tendr\u00e1n que destinar parte de su jornada laboral al armado. A su vez, dejar\u00e1 de licitarse la compra de alimentos en la gesti\u00f3n municipal.<\/p>\n<p>&nbsp;<\/p>\n<blockquote><p>El jefe comunal record\u00f3 que \u201cen la apertura de sesiones del Concejo algo adelant\u00e9 de esta medida. Habl\u00e9 de dejar de lado el nefasto asistencialismo que tanto da\u00f1o le ha hecho a la Argentina y esto tiene que ver con algo en ese sentido. Son todos beneficios\u201d subray\u00f3.<\/p><\/blockquote>\n<p>&nbsp;<\/p>\n<p><img data-recalc-dims=\"1\" loading=\"lazy\" decoding=\"async\" class=\"size-large wp-image-55931 aligncenter\" src=\"https:\/\/i0.wp.com\/cdnoticias.com\/wp-content\/uploads\/2022\/05\/tarjeta-alimentaria-04.jpg?resize=800%2C445&#038;ssl=1\" alt=\"\" width=\"800\" height=\"445\" srcset=\"https:\/\/i0.wp.com\/cdnoticias.com\/wp-content\/uploads\/2022\/05\/tarjeta-alimentaria-04-scaled.jpg?resize=1024%2C570&amp;ssl=1 1024w, https:\/\/i0.wp.com\/cdnoticias.com\/wp-content\/uploads\/2022\/05\/tarjeta-alimentaria-04-scaled.jpg?resize=300%2C167&amp;ssl=1 300w, https:\/\/i0.wp.com\/cdnoticias.com\/wp-content\/uploads\/2022\/05\/tarjeta-alimentaria-04-scaled.jpg?resize=768%2C427&amp;ssl=1 768w, https:\/\/i0.wp.com\/cdnoticias.com\/wp-content\/uploads\/2022\/05\/tarjeta-alimentaria-04-scaled.jpg?resize=1536%2C854&amp;ssl=1 1536w, https:\/\/i0.wp.com\/cdnoticias.com\/wp-content\/uploads\/2022\/05\/tarjeta-alimentaria-04-scaled.jpg?resize=2048%2C1139&amp;ssl=1 2048w, https:\/\/i0.wp.com\/cdnoticias.com\/wp-content\/uploads\/2022\/05\/tarjeta-alimentaria-04-scaled.jpg?resize=800%2C445&amp;ssl=1 800w, https:\/\/i0.wp.com\/cdnoticias.com\/wp-content\/uploads\/2022\/05\/tarjeta-alimentaria-04-scaled.jpg?w=1600&amp;ssl=1 1600w, https:\/\/i0.wp.com\/cdnoticias.com\/wp-content\/uploads\/2022\/05\/tarjeta-alimentaria-04-scaled.jpg?w=2400&amp;ssl=1 2400w\" sizes=\"auto, (max-width: 800px) 100vw, 800px\" \/><\/p>\n<p>&nbsp;<\/p>\n<p><strong>La entrega<\/strong><\/p>\n<p>&nbsp;<\/p>\n<p><strong>\u201cQuiero felicitar a los trabajadores de la Subsecretar\u00eda de Desarrollo Social y agradecerle a Mart\u00edn (Martino) y la gente de Cabal que hizo posible esto\u201d<\/strong> inici\u00f3 el titular de Desarrollo Humano.<\/p>\n<p>&nbsp;<\/p>\n<p>El secretario Robbiani indic\u00f3 que las y los asistentes sociales de cada STM se pondr\u00e1n en contacto con las familias que lleguen para entregar las tarjetas y manifest\u00f3 la intenci\u00f3n de que <strong>el operativo se haga \u201clo m\u00e1s r\u00e1pido posible\u201d<\/strong> para que el 5 de junio todos puedan acceder a los fondos. <strong>\u201cVa a ser un \u00e9xito, va a funcionar muy bien\u201d proyect\u00f3<\/strong>.<\/p>\n<p>&nbsp;<\/p>\n<p><img data-recalc-dims=\"1\" loading=\"lazy\" decoding=\"async\" class=\"size-large wp-image-55928 aligncenter\" src=\"https:\/\/i0.wp.com\/cdnoticias.com\/wp-content\/uploads\/2022\/05\/tarjeta-alimentaria-01.jpg?resize=800%2C445&#038;ssl=1\" alt=\"\" width=\"800\" height=\"445\" srcset=\"https:\/\/i0.wp.com\/cdnoticias.com\/wp-content\/uploads\/2022\/05\/tarjeta-alimentaria-01-scaled.jpg?resize=1024%2C569&amp;ssl=1 1024w, https:\/\/i0.wp.com\/cdnoticias.com\/wp-content\/uploads\/2022\/05\/tarjeta-alimentaria-01-scaled.jpg?resize=300%2C167&amp;ssl=1 300w, https:\/\/i0.wp.com\/cdnoticias.com\/wp-content\/uploads\/2022\/05\/tarjeta-alimentaria-01-scaled.jpg?resize=768%2C427&amp;ssl=1 768w, https:\/\/i0.wp.com\/cdnoticias.com\/wp-content\/uploads\/2022\/05\/tarjeta-alimentaria-01-scaled.jpg?resize=1536%2C854&amp;ssl=1 1536w, https:\/\/i0.wp.com\/cdnoticias.com\/wp-content\/uploads\/2022\/05\/tarjeta-alimentaria-01-scaled.jpg?resize=2048%2C1139&amp;ssl=1 2048w, https:\/\/i0.wp.com\/cdnoticias.com\/wp-content\/uploads\/2022\/05\/tarjeta-alimentaria-01-scaled.jpg?resize=800%2C445&amp;ssl=1 800w, https:\/\/i0.wp.com\/cdnoticias.com\/wp-content\/uploads\/2022\/05\/tarjeta-alimentaria-01-scaled.jpg?w=1600&amp;ssl=1 1600w, https:\/\/i0.wp.com\/cdnoticias.com\/wp-content\/uploads\/2022\/05\/tarjeta-alimentaria-01-scaled.jpg?w=2400&amp;ssl=1 2400w\" sizes=\"auto, (max-width: 800px) 100vw, 800px\" \/><\/p>\n<p>&nbsp;<\/p>\n<p>Tuvo en cuenta que lo que se otorga desde el programa municipal <strong>\u201ces una tarjeta complementaria a otra tarjeta como Alimentar o a un programa provincial, es una ayuda\u201d<\/strong> dijo. En ese punto tuvo en cuenta que tras la \u00faltima licitaci\u00f3n de compra de alimentos el valor de la bolsa qued\u00f3 en 2.100 pesos y con la tarjeta se extender\u00e1 hasta 3.000 pesos en efectivo desde junio <strong>\u201cpara que el vecino pueda ir al comercio a comprar no solo alimentos secos, sino la verdura, la carne, alimentos m\u00e1s nutritivos\u201d<\/strong> a\u00f1adi\u00f3 Robbiani. M\u00e1s adelante aclar\u00f3 que cada tarjeta tiene una limitaci\u00f3n para compra de bebidas alcoh\u00f3licas y cigarrillos.<\/p>\n<p>&nbsp;<\/p>\n<p>Por su lado, la subsecretaria <strong>Rosales respondi\u00f3 ante la consulta por la potencial p\u00e9rdida de las tarjetas<\/strong>. \u201cTenemos un stock de alimentos porque no es f\u00e1cil volver a hacer la tarjeta. Se van entregar alimentos en stock y se vuelve a pedir la tarjeta\u201d dijo.<\/p>\n<p>&nbsp;<\/p>\n<p>En el cierre, <strong>el secretario de Desarrollo Humano hizo referencia al beneficio que este cambio de sistema implica para los comerciantes locales<\/strong>. \u201cHoy quien tiene un posnet puede vender a los beneficiarios. Lo interesante es que los comercios pueden acercarse al banco Credicoop y ver el tema de los descuentos, porque es muy importante y pueden firmar un convenio. El beneficiario se acerca donde hay mejores descuentos y mejor calidad de mercader\u00eda\u201d cerr\u00f3.<\/p>\n","protected":false},"excerpt":{"rendered":"<p>El intendente Ezequiel Galli anunci\u00f3 el cambio del sistema con un aumento de la asignaci\u00f3n de 25%. En los STM<\/p>\n","protected":false},"author":4,"featured_media":55933,"comment_status":"closed","ping_status":"closed","sticky":false,"template":"","format":"standard","meta":{"_jetpack_memberships_contains_paid_content":false,"footnotes":""},"categories":[5,1],"tags":[],"class_list":["post-55937","post","type-post","status-publish","format-standard","has-post-thumbnail","hentry","category-informacion-general","category-portada"],"jetpack_featured_media_url":"https:\/\/i0.wp.com\/cdnoticias.com\/wp-content\/uploads\/2022\/05\/tarjeta-alimentaria-06-scaled.jpg?fit=2560%2C1424&ssl=1","jetpack_sharing_enabled":true,"_links":{"self":[{"href":"https:\/\/cdnoticias.com\/index.php\/wp-json\/wp\/v2\/posts\/55937","targetHints":{"allow":["GET"]}}],"collection":[{"href":"https:\/\/cdnoticias.com\/index.php\/wp-json\/wp\/v2\/posts"}],"about":[{"href":"https:\/\/cdnoticias.com\/index.php\/wp-json\/wp\/v2\/types\/post"}],"author":[{"embeddable":true,"href":"https:\/\/cdnoticias.com\/index.php\/wp-json\/wp\/v2\/users\/4"}],"replies":[{"embeddable":true,"href":"https:\/\/cdnoticias.com\/index.php\/wp-json\/wp\/v2\/comments?post=55937"}],"version-history":[{"count":0,"href":"https:\/\/cdnoticias.com\/index.php\/wp-json\/wp\/v2\/posts\/55937\/revisions"}],"wp:featuredmedia":[{"embeddable":true,"href":"https:\/\/cdnoticias.com\/index.php\/wp-json\/wp\/v2\/media\/55933"}],"wp:attachment":[{"href":"https:\/\/cdnoticias.com\/index.php\/wp-json\/wp\/v2\/media?parent=55937"}],"wp:term":[{"taxonomy":"category","embeddable":true,"href":"https:\/\/cdnoticias.com\/index.php\/wp-json\/wp\/v2\/categories?post=55937"},{"taxonomy":"post_tag","embeddable":true,"href":"https:\/\/cdnoticias.com\/index.php\/wp-json\/wp\/v2\/tags?post=55937"}],"curies":[{"name":"wp","href":"https:\/\/api.w.org\/{rel}","templated":true}]}}