{"id":55934,"date":"2022-05-30T13:05:25","date_gmt":"2022-05-30T16:05:25","guid":{"rendered":"https:\/\/www.centraldenoticias.com.ar\/?p=55934"},"modified":"2022-05-30T13:08:30","modified_gmt":"2022-05-30T16:08:30","slug":"este-martes-habra-un-corte-de-luz-en-un-sector-de-la-ciudad-3","status":"publish","type":"post","link":"https:\/\/cdnoticias.com\/index.php\/2022\/05\/30\/este-martes-habra-un-corte-de-luz-en-un-sector-de-la-ciudad-3\/","title":{"rendered":"Este martes habr\u00e1 un corte de luz en un sector de la ciudad"},"content":{"rendered":"<p>Se extender\u00e1 durante cuatro horas en el transcurso de la ma\u00f1ana. <!--more--><\/p>\n<hr \/>\n<p>Desde Coopeletric se inform\u00f3 que este <strong>martes 31 de mayo<\/strong>, se interrumpir\u00e1 el servicio de energ\u00eda el\u00e9ctrica en un sector de la ciudad.<\/p>\n<p>&nbsp;<\/p>\n<p>Ser\u00e1 en el \u00e1rea comprendida por las calles <strong>Jun\u00edn, Dorrego, Ayacucho y San Mart\u00edn, en el horario de 8:00 a 12:00.<\/strong><\/p>\n<p>&nbsp;<\/p>\n<p>Indicaron que el motivo es por mantenimiento y podr\u00e1 suspenderse si las condiciones clim\u00e1ticas son desfavorables.<\/p>\n","protected":false},"excerpt":{"rendered":"<p>Se extender\u00e1 durante cuatro horas en el transcurso de la ma\u00f1ana.<\/p>\n","protected":false},"author":5,"featured_media":41402,"comment_status":"closed","ping_status":"closed","sticky":false,"template":"","format":"standard","meta":{"_jetpack_memberships_contains_paid_content":false,"footnotes":""},"categories":[5,1],"tags":[],"class_list":["post-55934","post","type-post","status-publish","format-standard","has-post-thumbnail","hentry","category-informacion-general","category-portada"],"jetpack_featured_media_url":"https:\/\/i0.wp.com\/cdnoticias.com\/wp-content\/uploads\/2021\/12\/coopelectric-camion1.jpg?fit=1540%2C856&ssl=1","jetpack_sharing_enabled":true,"_links":{"self":[{"href":"https:\/\/cdnoticias.com\/index.php\/wp-json\/wp\/v2\/posts\/55934","targetHints":{"allow":["GET"]}}],"collection":[{"href":"https:\/\/cdnoticias.com\/index.php\/wp-json\/wp\/v2\/posts"}],"about":[{"href":"https:\/\/cdnoticias.com\/index.php\/wp-json\/wp\/v2\/types\/post"}],"author":[{"embeddable":true,"href":"https:\/\/cdnoticias.com\/index.php\/wp-json\/wp\/v2\/users\/5"}],"replies":[{"embeddable":true,"href":"https:\/\/cdnoticias.com\/index.php\/wp-json\/wp\/v2\/comments?post=55934"}],"version-history":[{"count":0,"href":"https:\/\/cdnoticias.com\/index.php\/wp-json\/wp\/v2\/posts\/55934\/revisions"}],"wp:featuredmedia":[{"embeddable":true,"href":"https:\/\/cdnoticias.com\/index.php\/wp-json\/wp\/v2\/media\/41402"}],"wp:attachment":[{"href":"https:\/\/cdnoticias.com\/index.php\/wp-json\/wp\/v2\/media?parent=55934"}],"wp:term":[{"taxonomy":"category","embeddable":true,"href":"https:\/\/cdnoticias.com\/index.php\/wp-json\/wp\/v2\/categories?post=55934"},{"taxonomy":"post_tag","embeddable":true,"href":"https:\/\/cdnoticias.com\/index.php\/wp-json\/wp\/v2\/tags?post=55934"}],"curies":[{"name":"wp","href":"https:\/\/api.w.org\/{rel}","templated":true}]}}