{"id":55902,"date":"2022-05-30T17:55:40","date_gmt":"2022-05-30T20:55:40","guid":{"rendered":"https:\/\/www.centraldenoticias.com.ar\/?p=55902"},"modified":"2022-05-30T17:55:40","modified_gmt":"2022-05-30T20:55:40","slug":"organizan-talleres-de-soberania-alimentaria-para-organizaciones-barriales-y-sociales","status":"publish","type":"post","link":"https:\/\/cdnoticias.com\/index.php\/2022\/05\/30\/organizan-talleres-de-soberania-alimentaria-para-organizaciones-barriales-y-sociales\/","title":{"rendered":"Organizan talleres de soberan\u00eda alimentaria para organizaciones barriales y sociales"},"content":{"rendered":"<p>Corazones de barro Olavarr\u00eda dio a conocer un ciclo de talleres libres, abiertos y gratuitos.<!--more--><\/p>\n<hr \/>\n<p><strong>Corazones de barro Olavarr\u00eda dio a conocer que organiz\u00f3 un ciclo de talleres libres, abiertos y gratuitos con eje en la soberan\u00eda alimentaria<\/strong> destinados a toda la comunidad. Buscan llegar a integrantes de las distintas <strong>organizaciones sociales, barriales, comunitarias y\/o ambientales<\/strong>.<\/p>\n<p>&nbsp;<\/p>\n<p>Los talleres consisten en<strong> huerta familiar agroecol\u00f3gica, invernaderos microtunel, biopreparados y gallineros m\u00f3viles<\/strong> a cargo de Aldo Andreucci. Se dictan en ese orden y se requiere un cupo m\u00ednimo de 10 anotados para iniciar.<\/p>\n<p>&nbsp;<\/p>\n<p><img data-recalc-dims=\"1\" loading=\"lazy\" decoding=\"async\" class=\"aligncenter wp-image-55904\" src=\"https:\/\/i0.wp.com\/cdnoticias.com\/wp-content\/uploads\/2022\/05\/corazones-de-barro-talleres.png?resize=800%2C505&#038;ssl=1\" alt=\"\" width=\"800\" height=\"505\" srcset=\"https:\/\/i0.wp.com\/cdnoticias.com\/wp-content\/uploads\/2022\/05\/corazones-de-barro-talleres.png?w=846&amp;ssl=1 846w, https:\/\/i0.wp.com\/cdnoticias.com\/wp-content\/uploads\/2022\/05\/corazones-de-barro-talleres.png?resize=300%2C189&amp;ssl=1 300w, https:\/\/i0.wp.com\/cdnoticias.com\/wp-content\/uploads\/2022\/05\/corazones-de-barro-talleres.png?resize=768%2C485&amp;ssl=1 768w\" sizes=\"auto, (max-width: 800px) 100vw, 800px\" \/><\/p>\n<p>&nbsp;<\/p>\n<p>Los objetivos de estos talleres son <strong>\u201ccapacitarnos compartiendo para poder replicar\u201d y \u201cconformar peque\u00f1as unidades productivas\u201d<\/strong>.<\/p>\n<p>&nbsp;<\/p>\n<p><strong>Actualmente se dictan en la Sociedad de Fomento Independencia y en la Sociedad de Fomento de Villa Mail\u00edn<\/strong> los s\u00e1bados a las 15.<\/p>\n<p>&nbsp;<\/p>\n<p>Los interesados en acceder pueden enviar <strong>mensajes de Whatsapp<\/strong> a<em> 2284-552821 (Aldo);\u00a0 2284-632669 (Ornella); 2284-563041 (Lucre)<\/em>; o contactarse a Corazones de barro Olavarr\u00eda a trav\u00e9s de Facebook.<\/p>\n<p>&nbsp;<\/p>\n<p><iframe loading=\"lazy\" style=\"border: none; overflow: hidden;\" src=\"https:\/\/www.facebook.com\/plugins\/post.php?href=https%3A%2F%2Fwww.facebook.com%2Fpermalink.php%3Fstory_fbid%3D1098482410730342%26id%3D340269503218307&amp;show_text=true&amp;width=500\" width=\"500\" height=\"523\" frameborder=\"0\" scrolling=\"no\" allowfullscreen=\"allowfullscreen\"><\/iframe><\/p>\n","protected":false},"excerpt":{"rendered":"<p>Corazones de barro Olavarr\u00eda dio a conocer un ciclo de talleres libres, abiertos y gratuitos.<\/p>\n","protected":false},"author":4,"featured_media":55905,"comment_status":"closed","ping_status":"closed","sticky":false,"template":"","format":"standard","meta":{"_jetpack_memberships_contains_paid_content":false,"footnotes":""},"categories":[5,1],"tags":[],"class_list":["post-55902","post","type-post","status-publish","format-standard","has-post-thumbnail","hentry","category-informacion-general","category-portada"],"jetpack_featured_media_url":"https:\/\/i0.wp.com\/cdnoticias.com\/wp-content\/uploads\/2022\/05\/corazones-de-barro.jpg?fit=800%2C444&ssl=1","jetpack_sharing_enabled":true,"_links":{"self":[{"href":"https:\/\/cdnoticias.com\/index.php\/wp-json\/wp\/v2\/posts\/55902","targetHints":{"allow":["GET"]}}],"collection":[{"href":"https:\/\/cdnoticias.com\/index.php\/wp-json\/wp\/v2\/posts"}],"about":[{"href":"https:\/\/cdnoticias.com\/index.php\/wp-json\/wp\/v2\/types\/post"}],"author":[{"embeddable":true,"href":"https:\/\/cdnoticias.com\/index.php\/wp-json\/wp\/v2\/users\/4"}],"replies":[{"embeddable":true,"href":"https:\/\/cdnoticias.com\/index.php\/wp-json\/wp\/v2\/comments?post=55902"}],"version-history":[{"count":0,"href":"https:\/\/cdnoticias.com\/index.php\/wp-json\/wp\/v2\/posts\/55902\/revisions"}],"wp:featuredmedia":[{"embeddable":true,"href":"https:\/\/cdnoticias.com\/index.php\/wp-json\/wp\/v2\/media\/55905"}],"wp:attachment":[{"href":"https:\/\/cdnoticias.com\/index.php\/wp-json\/wp\/v2\/media?parent=55902"}],"wp:term":[{"taxonomy":"category","embeddable":true,"href":"https:\/\/cdnoticias.com\/index.php\/wp-json\/wp\/v2\/categories?post=55902"},{"taxonomy":"post_tag","embeddable":true,"href":"https:\/\/cdnoticias.com\/index.php\/wp-json\/wp\/v2\/tags?post=55902"}],"curies":[{"name":"wp","href":"https:\/\/api.w.org\/{rel}","templated":true}]}}