{"id":55874,"date":"2022-05-29T20:00:34","date_gmt":"2022-05-29T23:00:34","guid":{"rendered":"https:\/\/www.centraldenoticias.com.ar\/?p=55874"},"modified":"2022-05-30T08:02:08","modified_gmt":"2022-05-30T11:02:08","slug":"a-abrigarse-se-espera-una-de-las-semanas-mas-frias-del-ano-en-olavarria","status":"publish","type":"post","link":"https:\/\/cdnoticias.com\/index.php\/2022\/05\/29\/a-abrigarse-se-espera-una-de-las-semanas-mas-frias-del-ano-en-olavarria\/","title":{"rendered":"\u00a1A abrigarse! Se espera una de las semanas m\u00e1s fr\u00edas del a\u00f1o en Olavarr\u00eda"},"content":{"rendered":"<p>Sin pron\u00f3stico de lluvia, las m\u00e1ximas no superar\u00e1n los 11 grados hasta el jueves. Las m\u00ednimas est\u00e1n estimadas en -1 para el lunes. <!--more--><\/p>\n<hr \/>\n<p>A medida que nos acercamos al invierno, el tiempo fr\u00edo se hace sentir en la ciudad. <strong>El Servicio Meteorol\u00f3gico Nacional estim\u00f3 para los d\u00edas que vienen una de las semanas m\u00e1s fr\u00edas de lo que va del a\u00f1o.<\/strong><\/p>\n<p>&nbsp;<\/p>\n<blockquote><p>Es que sin ir m\u00e1s lejos, para este lunes la m\u00e1xima no superar\u00e1 los 10 grados, y la m\u00ednima estar\u00e1 en torno al grado bajo cero.<\/p><\/blockquote>\n<p>&nbsp;<\/p>\n<p>Si seguimos en el an\u00e1lisis de la semana, <strong>hasta el jueves la temperatura no superar\u00e1 los 11 grados e incluso, el mi\u00e9rcoles se prev\u00e9 una m\u00e1xima de tan solo 9\u00b0.<\/strong><\/p>\n<p>&nbsp;<\/p>\n<p>Las m\u00ednimas rondar\u00e1n entre los 0 y los -2 grados, con una<strong> muy leve mejora viernes y s\u00e1bado pero a no ilusionarse: la temperatura tendr\u00e1 m\u00e1ximas de 13 grados y m\u00ednimas de 2 y 5.<\/strong><\/p>\n<p>&nbsp;<\/p>\n<p>No habr\u00e1 previsi\u00f3n de lluvias durante los d\u00edas venideros aunque probablemente caigan heladas en la ciudad.<strong> \u00bfLos vientos? Hasta el jueves, y con alguna peque\u00f1a variable, ser\u00e1n del sur.<\/strong> \u00a1Lleg\u00f3 el fr\u00edo!<\/p>\n","protected":false},"excerpt":{"rendered":"<p>Sin pron\u00f3stico de lluvia, las m\u00e1ximas no superar\u00e1n los 11 grados hasta el jueves. Las m\u00ednimas est\u00e1n estimadas en -1<\/p>\n","protected":false},"author":5,"featured_media":25387,"comment_status":"closed","ping_status":"closed","sticky":false,"template":"","format":"standard","meta":{"_jetpack_memberships_contains_paid_content":false,"footnotes":""},"categories":[5,1],"tags":[],"class_list":["post-55874","post","type-post","status-publish","format-standard","has-post-thumbnail","hentry","category-informacion-general","category-portada"],"jetpack_featured_media_url":"https:\/\/i0.wp.com\/cdnoticias.com\/wp-content\/uploads\/2021\/06\/helada.jpg?fit=800%2C445&ssl=1","jetpack_sharing_enabled":true,"_links":{"self":[{"href":"https:\/\/cdnoticias.com\/index.php\/wp-json\/wp\/v2\/posts\/55874","targetHints":{"allow":["GET"]}}],"collection":[{"href":"https:\/\/cdnoticias.com\/index.php\/wp-json\/wp\/v2\/posts"}],"about":[{"href":"https:\/\/cdnoticias.com\/index.php\/wp-json\/wp\/v2\/types\/post"}],"author":[{"embeddable":true,"href":"https:\/\/cdnoticias.com\/index.php\/wp-json\/wp\/v2\/users\/5"}],"replies":[{"embeddable":true,"href":"https:\/\/cdnoticias.com\/index.php\/wp-json\/wp\/v2\/comments?post=55874"}],"version-history":[{"count":0,"href":"https:\/\/cdnoticias.com\/index.php\/wp-json\/wp\/v2\/posts\/55874\/revisions"}],"wp:featuredmedia":[{"embeddable":true,"href":"https:\/\/cdnoticias.com\/index.php\/wp-json\/wp\/v2\/media\/25387"}],"wp:attachment":[{"href":"https:\/\/cdnoticias.com\/index.php\/wp-json\/wp\/v2\/media?parent=55874"}],"wp:term":[{"taxonomy":"category","embeddable":true,"href":"https:\/\/cdnoticias.com\/index.php\/wp-json\/wp\/v2\/categories?post=55874"},{"taxonomy":"post_tag","embeddable":true,"href":"https:\/\/cdnoticias.com\/index.php\/wp-json\/wp\/v2\/tags?post=55874"}],"curies":[{"name":"wp","href":"https:\/\/api.w.org\/{rel}","templated":true}]}}