{"id":55857,"date":"2022-05-28T21:46:41","date_gmt":"2022-05-29T13:36:13","guid":{"rendered":"https:\/\/www.centraldenoticias.com.ar\/?p=55857"},"modified":"2025-02-02T12:42:23","modified_gmt":"2025-02-02T15:42:23","slug":"domingo-de-futbol-domingo-de-final-de-playoff","status":"publish","type":"post","link":"https:\/\/cdnoticias.com\/index.php\/2022\/05\/28\/domingo-de-futbol-domingo-de-final-de-playoff\/","title":{"rendered":"Domingo de f\u00fatbol, domingo de final de Playoff"},"content":{"rendered":"<p>El domingo desde las 15:30 se jugar\u00e1 la final del Playoff del Torneo Clausura entre Racing y Ferro y en la previa se dieron detalles de la disposici\u00f3n del p\u00fablico en el Buglione Martinese, teniendo en cuenta que tambi\u00e9n habr\u00e1 hinchada de El Fort\u00edn por disputarse los partidos pendientes del Sub13 y Sub15 del Torneo Uni\u00f3n Regional Deportiva.<\/p>\n<p><!--more--><\/p>\n<hr \/>\n<p>Racing recibir\u00e1 a Ferro en la definici\u00f3n del certamen organizado por la Liga de F\u00fatbol de Olavarr\u00eda y en la tarde del domingo se espera un apasionante encuentro para definir qui\u00e9n ganar\u00e1 el pase a la final del Torneo ante Embajadores.<\/p>\n<p>&nbsp;<\/p>\n<p>En el Buglione Martinese, previo la final, Racing y El Fort\u00edn se medir\u00e1n en la categor\u00eda Sub13 por la quinta fecha del Torneo Interligas BPLay, comenzando a las 14:00.<\/p>\n<p>&nbsp;<\/p>\n<p>La jornada continuar\u00e1 tambi\u00e9n luego de la final, con la Sub15 entre Racing y El Fort\u00edn por el pendiente del Interligas, previsto para las 17:45.En lo que respecta a la definici\u00f3n de la Primera Divisi\u00f3n, que ser\u00e1 arbitrada por Nicol\u00e1s Moreno y en caso de igualdad se definir\u00e1 por penales, el ingreso para el p\u00fablico de Racing ser\u00e1 por la Avenida Col\u00f3n, para aquellos que quieran ir a la techada o a la platea de al lado. Lo mismo para los padres de El Fort\u00edn que deseen acompa\u00f1ar a sus hijos. La misma estar\u00e1 habilitada desde las 13. Adem\u00e1s, la tribuna Cerrito ser\u00e1 para los hinchas de Racing.<\/p>\n<p>&nbsp;<\/p>\n<p>La parcialidad visitante tendr\u00e1 su ingreso por Sarmiento y Cerrito y la entrada se habilitar\u00e1 14:40, al llegar los efectivos policiales al Estadio.<\/p>\n","protected":false},"excerpt":{"rendered":"<p>El domingo desde las 15:30 se jugar\u00e1 la final del Playoff del Torneo Clausura entre Racing y Ferro y en<\/p>\n","protected":false},"author":96739694,"featured_media":148307,"comment_status":"closed","ping_status":"closed","sticky":false,"template":"","format":"standard","meta":{"_jetpack_memberships_contains_paid_content":false,"footnotes":""},"categories":[35,1,41],"tags":[],"class_list":["post-55857","post","type-post","status-publish","format-standard","has-post-thumbnail","hentry","category-futbol","category-portada","category-primera-y-reserva"],"jetpack_featured_media_url":"https:\/\/i0.wp.com\/cdnoticias.com\/wp-content\/uploads\/2022\/05\/ferro-racing_15.jpg?fit=1280%2C816&ssl=1","jetpack_sharing_enabled":true,"_links":{"self":[{"href":"https:\/\/cdnoticias.com\/index.php\/wp-json\/wp\/v2\/posts\/55857","targetHints":{"allow":["GET"]}}],"collection":[{"href":"https:\/\/cdnoticias.com\/index.php\/wp-json\/wp\/v2\/posts"}],"about":[{"href":"https:\/\/cdnoticias.com\/index.php\/wp-json\/wp\/v2\/types\/post"}],"author":[{"embeddable":true,"href":"https:\/\/cdnoticias.com\/index.php\/wp-json\/wp\/v2\/users\/96739694"}],"replies":[{"embeddable":true,"href":"https:\/\/cdnoticias.com\/index.php\/wp-json\/wp\/v2\/comments?post=55857"}],"version-history":[{"count":0,"href":"https:\/\/cdnoticias.com\/index.php\/wp-json\/wp\/v2\/posts\/55857\/revisions"}],"wp:featuredmedia":[{"embeddable":true,"href":"https:\/\/cdnoticias.com\/index.php\/wp-json\/wp\/v2\/media\/148307"}],"wp:attachment":[{"href":"https:\/\/cdnoticias.com\/index.php\/wp-json\/wp\/v2\/media?parent=55857"}],"wp:term":[{"taxonomy":"category","embeddable":true,"href":"https:\/\/cdnoticias.com\/index.php\/wp-json\/wp\/v2\/categories?post=55857"},{"taxonomy":"post_tag","embeddable":true,"href":"https:\/\/cdnoticias.com\/index.php\/wp-json\/wp\/v2\/tags?post=55857"}],"curies":[{"name":"wp","href":"https:\/\/api.w.org\/{rel}","templated":true}]}}