{"id":55832,"date":"2022-05-28T20:51:32","date_gmt":"2022-05-28T23:51:32","guid":{"rendered":"https:\/\/www.centraldenoticias.com.ar\/?p=55832"},"modified":"2022-05-28T21:25:36","modified_gmt":"2022-05-29T00:25:36","slug":"accidente-en-ruta-226-una-persona-herida-en-un-vuelco","status":"publish","type":"post","link":"https:\/\/cdnoticias.com\/index.php\/2022\/05\/28\/accidente-en-ruta-226-una-persona-herida-en-un-vuelco\/","title":{"rendered":"Accidente en ruta 226: una persona herida en un vuelco"},"content":{"rendered":"<p>Fue este s\u00e1bado en el kil\u00f3metro 331 de la ruta nacional. Una mujer de 57 a\u00f1os protagoniz\u00f3 el siniestro.<!--more--><\/p>\n<hr \/>\n<p>Durante la noche de este s\u00e1bado se produjo un accidente en<strong> ruta nacional 226 a la altura del kil\u00f3metro 331.<\/strong><\/p>\n<p>&nbsp;<\/p>\n<p>Por motivos que se investigan,<strong> la conductora de unos 57 a\u00f1os perdi\u00f3 el control del veh\u00edculo y termin\u00f3 volcando.<\/strong><\/p>\n<p>&nbsp;<\/p>\n<p>Producto del accidente, la mujer requiri\u00f3 <strong>asistencia m\u00e9dica del personal de salud del SAME<\/strong> y luego fue trasladada a una cl\u00ednica privada. Seg\u00fan las primeras versiones, <strong>sufri\u00f3 heridas leves.<\/strong><\/p>\n","protected":false},"excerpt":{"rendered":"<p>Fue este s\u00e1bado en el kil\u00f3metro 331 de la ruta nacional. Una mujer de 57 a\u00f1os protagoniz\u00f3 el siniestro.<\/p>\n","protected":false},"author":5,"featured_media":55835,"comment_status":"closed","ping_status":"closed","sticky":false,"template":"","format":"standard","meta":{"_jetpack_memberships_contains_paid_content":false,"footnotes":""},"categories":[14],"tags":[],"class_list":["post-55832","post","type-post","status-publish","format-standard","has-post-thumbnail","hentry","category-policiales"],"jetpack_featured_media_url":"https:\/\/i0.wp.com\/cdnoticias.com\/wp-content\/uploads\/2022\/05\/SAME.jpg?fit=461%2C240&ssl=1","jetpack_sharing_enabled":true,"_links":{"self":[{"href":"https:\/\/cdnoticias.com\/index.php\/wp-json\/wp\/v2\/posts\/55832","targetHints":{"allow":["GET"]}}],"collection":[{"href":"https:\/\/cdnoticias.com\/index.php\/wp-json\/wp\/v2\/posts"}],"about":[{"href":"https:\/\/cdnoticias.com\/index.php\/wp-json\/wp\/v2\/types\/post"}],"author":[{"embeddable":true,"href":"https:\/\/cdnoticias.com\/index.php\/wp-json\/wp\/v2\/users\/5"}],"replies":[{"embeddable":true,"href":"https:\/\/cdnoticias.com\/index.php\/wp-json\/wp\/v2\/comments?post=55832"}],"version-history":[{"count":0,"href":"https:\/\/cdnoticias.com\/index.php\/wp-json\/wp\/v2\/posts\/55832\/revisions"}],"wp:featuredmedia":[{"embeddable":true,"href":"https:\/\/cdnoticias.com\/index.php\/wp-json\/wp\/v2\/media\/55835"}],"wp:attachment":[{"href":"https:\/\/cdnoticias.com\/index.php\/wp-json\/wp\/v2\/media?parent=55832"}],"wp:term":[{"taxonomy":"category","embeddable":true,"href":"https:\/\/cdnoticias.com\/index.php\/wp-json\/wp\/v2\/categories?post=55832"},{"taxonomy":"post_tag","embeddable":true,"href":"https:\/\/cdnoticias.com\/index.php\/wp-json\/wp\/v2\/tags?post=55832"}],"curies":[{"name":"wp","href":"https:\/\/api.w.org\/{rel}","templated":true}]}}