{"id":55826,"date":"2022-05-29T15:42:52","date_gmt":"2022-05-29T18:42:52","guid":{"rendered":"https:\/\/www.centraldenoticias.com.ar\/?p=55826"},"modified":"2022-05-29T18:54:42","modified_gmt":"2022-05-29T21:54:42","slug":"jovenes-intervinieron-la-plaza-central-en-la-semana-del-derecho-al-juego","status":"publish","type":"post","link":"https:\/\/cdnoticias.com\/index.php\/2022\/05\/29\/jovenes-intervinieron-la-plaza-central-en-la-semana-del-derecho-al-juego\/","title":{"rendered":"J\u00f3venes intervinieron la plaza central en la Semana del Derecho al Juego"},"content":{"rendered":"<p>Participaron estudiantes de ENAPE y del Programa Envi\u00f3n N\u00ba 1. La actividad fue impulsada desde el Observatorio de Ni\u00f1ez y Adolescencia de la Facultad de Ciencias Sociales.<!--more--><\/p>\n<hr \/>\n<p>Estudiantes de la Escuela Nacional Adolfo P\u00e9rez Esquivel y del Programa Envi\u00f3n N\u00b0 1 participaron de la propuesta realizada en el marco del <strong>D\u00eda Internacional del Derecho al Juego.<\/strong> La actividad es impulsada desde el Programa Integral de Extensi\u00f3n \u201cInfancias, Juventudes y Derechos\u201d que integran la FACSO, la Facultad de Ciencias Humanas y otras instituciones, as\u00ed como el Consejo Federal por el Derecho a Jugar.<\/p>\n<p>&nbsp;<\/p>\n<p>La misma se concret\u00f3 en el marco de una serie de actividades organizadas en la Semana por el Derecho a Jugar bajo la consigna <strong>\u201cPiedra libre: estamos jugando\u201d.<\/strong><\/p>\n<p>&nbsp;<\/p>\n<p>En el encuentro participaron <strong>estudiantes de 2\u00b0, 4\u00b0 y 6\u00b0 a\u00f1o de la Escuela Adolfo P\u00e9rez Esquivel, en el marco de los espacios curriculares Introducci\u00f3n al Arte y Teor\u00edas de las artes contempor\u00e1neas, y j\u00f3venes integrantes del Programa Envi\u00f3n N\u00b0 1 desde el Taller de Arte.<\/strong> La coordinaci\u00f3n estuvo a cargo de las profesoras Rosana Farana y Daiana Digiani.<\/p>\n<p>&nbsp;<\/p>\n<p><img data-recalc-dims=\"1\" loading=\"lazy\" decoding=\"async\" class=\"aligncenter size-full wp-image-55827\" src=\"https:\/\/i0.wp.com\/cdnoticias.com\/wp-content\/uploads\/2022\/05\/Piedra-libre-3.jpg?resize=800%2C533&#038;ssl=1\" alt=\"\" width=\"800\" height=\"533\" srcset=\"https:\/\/i0.wp.com\/cdnoticias.com\/wp-content\/uploads\/2022\/05\/Piedra-libre-3.jpg?w=1280&amp;ssl=1 1280w, https:\/\/i0.wp.com\/cdnoticias.com\/wp-content\/uploads\/2022\/05\/Piedra-libre-3.jpg?resize=300%2C200&amp;ssl=1 300w, https:\/\/i0.wp.com\/cdnoticias.com\/wp-content\/uploads\/2022\/05\/Piedra-libre-3.jpg?resize=1024%2C682&amp;ssl=1 1024w, https:\/\/i0.wp.com\/cdnoticias.com\/wp-content\/uploads\/2022\/05\/Piedra-libre-3.jpg?resize=768%2C512&amp;ssl=1 768w, https:\/\/i0.wp.com\/cdnoticias.com\/wp-content\/uploads\/2022\/05\/Piedra-libre-3.jpg?resize=272%2C182&amp;ssl=1 272w\" sizes=\"auto, (max-width: 800px) 100vw, 800px\" \/><\/p>\n<p>&nbsp;<\/p>\n<p>Adem\u00e1s, este s\u00e1bado se llev\u00f3 a cabo la propuesta<strong> \u201cJugamos en la calle\u201d<\/strong> con la participaci\u00f3n de la <strong>Escuela Nacional Adolfo P\u00e9rez Esquivel, el Programa Envi\u00f3n N\u00b0 1, la Mutual de Arte Popular \u201cMurga Arrebatando L\u00e1grimas\u201d, el Grupo Scout Nuestra Se\u00f1ora de F\u00e1tima, el ISFD N\u00b0 47 y el Jard\u00edn Maternal Upa La L\u00e1.<\/strong><\/p>\n<p>&nbsp;<\/p>\n<blockquote><p>La propuesta fue declarada de Inter\u00e9s Municipal y Legislativo por el Honorable Concejo Deliberante, y cuenta con el apoyo de la Secretar\u00eda de Desarrollo Humano y Calidad de Vida de la Municipalidad de Olavarr\u00eda.<\/p><\/blockquote>\n<p>&nbsp;<\/p>\n<p><img data-recalc-dims=\"1\" loading=\"lazy\" decoding=\"async\" class=\"aligncenter size-full wp-image-55828\" src=\"https:\/\/i0.wp.com\/cdnoticias.com\/wp-content\/uploads\/2022\/05\/Piedra-libre-2.jpg?resize=800%2C533&#038;ssl=1\" alt=\"\" width=\"800\" height=\"533\" srcset=\"https:\/\/i0.wp.com\/cdnoticias.com\/wp-content\/uploads\/2022\/05\/Piedra-libre-2.jpg?w=1280&amp;ssl=1 1280w, https:\/\/i0.wp.com\/cdnoticias.com\/wp-content\/uploads\/2022\/05\/Piedra-libre-2.jpg?resize=300%2C200&amp;ssl=1 300w, https:\/\/i0.wp.com\/cdnoticias.com\/wp-content\/uploads\/2022\/05\/Piedra-libre-2.jpg?resize=1024%2C682&amp;ssl=1 1024w, https:\/\/i0.wp.com\/cdnoticias.com\/wp-content\/uploads\/2022\/05\/Piedra-libre-2.jpg?resize=768%2C512&amp;ssl=1 768w, https:\/\/i0.wp.com\/cdnoticias.com\/wp-content\/uploads\/2022\/05\/Piedra-libre-2.jpg?resize=272%2C182&amp;ssl=1 272w\" sizes=\"auto, (max-width: 800px) 100vw, 800px\" \/><\/p>\n<p>&nbsp;<\/p>\n<p>El objetivo de la convocatoria, que se implement\u00f3 a lo largo de la semana en las ciudad de Azul, Tandil, y Olavarr\u00eda, fue que infancias y juventudes de cada ciudad (nucleadas en instituciones educativas, barriales, organizaciones civiles y programas estatales, etc.) dediquen un momento de su jornada a <strong>celebrar JUGANDO el derecho al juego.<\/strong><\/p>\n","protected":false},"excerpt":{"rendered":"<p>Participaron estudiantes de ENAPE y del Programa Envi\u00f3n N\u00ba 1. La actividad fue impulsada desde el Observatorio de Ni\u00f1ez y<\/p>\n","protected":false},"author":5,"featured_media":55829,"comment_status":"closed","ping_status":"closed","sticky":false,"template":"","format":"standard","meta":{"_jetpack_memberships_contains_paid_content":false,"footnotes":""},"categories":[5,1],"tags":[],"class_list":["post-55826","post","type-post","status-publish","format-standard","has-post-thumbnail","hentry","category-informacion-general","category-portada"],"jetpack_featured_media_url":"https:\/\/i0.wp.com\/cdnoticias.com\/wp-content\/uploads\/2022\/05\/Piedra-libre-1.jpg?fit=1280%2C853&ssl=1","jetpack_sharing_enabled":true,"_links":{"self":[{"href":"https:\/\/cdnoticias.com\/index.php\/wp-json\/wp\/v2\/posts\/55826","targetHints":{"allow":["GET"]}}],"collection":[{"href":"https:\/\/cdnoticias.com\/index.php\/wp-json\/wp\/v2\/posts"}],"about":[{"href":"https:\/\/cdnoticias.com\/index.php\/wp-json\/wp\/v2\/types\/post"}],"author":[{"embeddable":true,"href":"https:\/\/cdnoticias.com\/index.php\/wp-json\/wp\/v2\/users\/5"}],"replies":[{"embeddable":true,"href":"https:\/\/cdnoticias.com\/index.php\/wp-json\/wp\/v2\/comments?post=55826"}],"version-history":[{"count":0,"href":"https:\/\/cdnoticias.com\/index.php\/wp-json\/wp\/v2\/posts\/55826\/revisions"}],"wp:featuredmedia":[{"embeddable":true,"href":"https:\/\/cdnoticias.com\/index.php\/wp-json\/wp\/v2\/media\/55829"}],"wp:attachment":[{"href":"https:\/\/cdnoticias.com\/index.php\/wp-json\/wp\/v2\/media?parent=55826"}],"wp:term":[{"taxonomy":"category","embeddable":true,"href":"https:\/\/cdnoticias.com\/index.php\/wp-json\/wp\/v2\/categories?post=55826"},{"taxonomy":"post_tag","embeddable":true,"href":"https:\/\/cdnoticias.com\/index.php\/wp-json\/wp\/v2\/tags?post=55826"}],"curies":[{"name":"wp","href":"https:\/\/api.w.org\/{rel}","templated":true}]}}