{"id":55793,"date":"2022-05-28T11:39:32","date_gmt":"2022-05-28T14:39:32","guid":{"rendered":"https:\/\/www.centraldenoticias.com.ar\/?p=55793"},"modified":"2022-05-28T13:10:51","modified_gmt":"2022-05-28T16:10:51","slug":"se-entrego-el-tercer-acusado-de-un-importante-robo-en-ruta-3","status":"publish","type":"post","link":"https:\/\/cdnoticias.com\/index.php\/2022\/05\/28\/se-entrego-el-tercer-acusado-de-un-importante-robo-en-ruta-3\/","title":{"rendered":"Se entreg\u00f3 el tercer acusado de un importante robo en ruta 3"},"content":{"rendered":"<p>Tras la detenci\u00f3n de dos hombres el pasado mi\u00e9rcoles, este viernes se present\u00f3 el tercer acusado por el hecho registrado d\u00edas atr\u00e1s. Es olavarriense y tiene 22 a\u00f1os. <!--more--><\/p>\n<hr \/>\n<p>D\u00edas despu\u00e9s de la<a href=\"https:\/\/cdnoticias.com\/index.php\/2022\/05\/25\/detuvieron-a-dos-olavarrienses-por-un-robo-en-un-campo-en-ruta-nacional-3\/\" target=\"_blank\" rel=\"noopener\"> detenci\u00f3n de dos de los tres acusados por un importante robo en un campo cercano al kil\u00f3metro 339 de ruta nacional 3<\/a>, <strong>se entreg\u00f3 el tercer acusado, un olavarriense de 22 a\u00f1os.<\/strong><\/p>\n<p>&nbsp;<\/p>\n<p>Cabe recordar que la detenci\u00f3n hab\u00eda sido ordenada por el Juzgado de Garant\u00edas N\u00b01 de Azul a cargo de Magdalena Forbes, a petici\u00f3n del fiscal Adri\u00e1n Peiretti, de la UFI N\u00b013.<\/p>\n<p>&nbsp;<\/p>\n<p><strong>El acusado, imputado por robo agravado en despoblado y en banda, se llama Facundo Nahuel Vel\u00e1zquez, un alba\u00f1il de 22 a\u00f1os de edad domiciliado en nuestra ciudad.<\/strong><\/p>\n<p>&nbsp;<\/p>\n<p>Los otros dos imputados, tambi\u00e9n olavarrienses, <strong>fueron detenidos tras la realizaci\u00f3n de varios allanamientos en distintos puntos de Olavarr\u00eda<\/strong>, mientras que el joven no pudo ser encontrado en los procedimientos.<\/p>\n<p>&nbsp;<\/p>\n<p>Los dem\u00e1s encausados hab\u00edan sido identificados como Juan Manuel Toledo, de 31 a\u00f1os de edad (en una primera instancia hab\u00eda falsificado su identidad); y Jos\u00e9 Luis Salvareschi, un remisero de 53 a\u00f1os.<\/p>\n<p>&nbsp;<\/p>\n<p><strong>El hecho se registr\u00f3 el pasado viernes 13 de mayo en el establecimiento rural \u201cLa Negrita\u201d<\/strong> en cercan\u00edas del kil\u00f3metro 339 de la ruta nacional 3. Ese mismo s\u00e1bado, efectivos policiales interceptaron un veh\u00edculo con todos los elementos sustra\u00eddos instantes antes del casco de la estancia &#8220;La Negrita&#8221;, entre los cuales figuraron utensilios de cocina, una cocina a gas y un electrificador. Y despu\u00e9s, cuando el il\u00edcito fuera denunciado ante la Polic\u00eda, en su totalidad dichos elementos ser\u00edan valuados en unos 150.000 pesos.<\/p>\n<p>&nbsp;<\/p>\n<p>Si bien les incautaron los elementos, no fueron aprehendidos y la causa qued\u00f3 caratulada como \u201caveriguaci\u00f3n de il\u00edcito\u201d. <strong>Horas despu\u00e9s, se realiz\u00f3 una denuncia por un robo y eso permiti\u00f3 relacionar los dos hechos y avanzar en el \u00e1mbito judicial hasta la detenci\u00f3n de estas tres personas.<\/strong><\/p>\n<p>&nbsp;<\/p>\n<p>Se espera que en las pr\u00f3ximas horas<strong> los acusados sean trasladados a una unidad penitenciaria de Sierra Chica.<\/strong><\/p>\n<p>&nbsp;<\/p>\n<p><em>Informaci\u00f3n y foto: Diario El Tiempo<\/em><\/p>\n","protected":false},"excerpt":{"rendered":"<p>Tras la detenci\u00f3n de dos hombres el pasado mi\u00e9rcoles, este viernes se present\u00f3 el tercer acusado por el hecho registrado<\/p>\n","protected":false},"author":2,"featured_media":55794,"comment_status":"closed","ping_status":"closed","sticky":false,"template":"","format":"standard","meta":{"_jetpack_memberships_contains_paid_content":false,"footnotes":""},"categories":[14,1],"tags":[],"class_list":["post-55793","post","type-post","status-publish","format-standard","has-post-thumbnail","hentry","category-policiales","category-portada"],"jetpack_featured_media_url":"https:\/\/i0.wp.com\/cdnoticias.com\/wp-content\/uploads\/2022\/05\/1653655543.jpeg?fit=948%2C533&ssl=1","jetpack_sharing_enabled":true,"_links":{"self":[{"href":"https:\/\/cdnoticias.com\/index.php\/wp-json\/wp\/v2\/posts\/55793","targetHints":{"allow":["GET"]}}],"collection":[{"href":"https:\/\/cdnoticias.com\/index.php\/wp-json\/wp\/v2\/posts"}],"about":[{"href":"https:\/\/cdnoticias.com\/index.php\/wp-json\/wp\/v2\/types\/post"}],"author":[{"embeddable":true,"href":"https:\/\/cdnoticias.com\/index.php\/wp-json\/wp\/v2\/users\/2"}],"replies":[{"embeddable":true,"href":"https:\/\/cdnoticias.com\/index.php\/wp-json\/wp\/v2\/comments?post=55793"}],"version-history":[{"count":0,"href":"https:\/\/cdnoticias.com\/index.php\/wp-json\/wp\/v2\/posts\/55793\/revisions"}],"wp:featuredmedia":[{"embeddable":true,"href":"https:\/\/cdnoticias.com\/index.php\/wp-json\/wp\/v2\/media\/55794"}],"wp:attachment":[{"href":"https:\/\/cdnoticias.com\/index.php\/wp-json\/wp\/v2\/media?parent=55793"}],"wp:term":[{"taxonomy":"category","embeddable":true,"href":"https:\/\/cdnoticias.com\/index.php\/wp-json\/wp\/v2\/categories?post=55793"},{"taxonomy":"post_tag","embeddable":true,"href":"https:\/\/cdnoticias.com\/index.php\/wp-json\/wp\/v2\/tags?post=55793"}],"curies":[{"name":"wp","href":"https:\/\/api.w.org\/{rel}","templated":true}]}}