{"id":55791,"date":"2022-05-28T10:27:53","date_gmt":"2022-05-28T13:27:53","guid":{"rendered":"https:\/\/www.centraldenoticias.com.ar\/?p=55791"},"modified":"2022-05-30T08:06:24","modified_gmt":"2022-05-30T11:06:24","slug":"la-expo-mujeres-2022-mas-ampliada-se-realizara-en-el-cemo","status":"publish","type":"post","link":"https:\/\/cdnoticias.com\/index.php\/2022\/05\/28\/la-expo-mujeres-2022-mas-ampliada-se-realizara-en-el-cemo\/","title":{"rendered":"La Expo Mujeres 2022 \u201cm\u00e1s ampliada\u201d se realizar\u00e1 en el CEMO"},"content":{"rendered":"<p>Ser\u00e1 del 8 al 10 de octubre e incorporar\u00e1 actividades rurales. Este viernes, se brindaron detalles de la novena edici\u00f3n del evento. <!--more--><\/p>\n<hr \/>\n<p>El <strong>grupo de Mujeres Empresarias, Emprendedoras y Profesionales de la C\u00e1mara Empresaria present\u00f3 una nueva edici\u00f3n de la Expo Mujeres 2022<\/strong> despu\u00e9s de dos a\u00f1os de no realizarse por la pandemia del coronavirus. <strong>En esta oportunidad se concretar\u00e1 el 8. 9 y 10 de octubre en el Centro de Convenciones Municipal.<\/strong><\/p>\n<p>&nbsp;<\/p>\n<p>En primer lugar, <strong>Mar\u00eda Emilia Martinese<\/strong>\u00a0resalt\u00f3 las caracter\u00edsticas de este evento que va por su novena edici\u00f3n y que<em> \u201cadem\u00e1s de ser local ya es regional\u201d<\/em>. En ese sentido, <strong>celebr\u00f3 la posibilidad de volver a reunirse tras la pandemia.<\/strong><\/p>\n<p>&nbsp;<\/p>\n<p><img data-recalc-dims=\"1\" loading=\"lazy\" decoding=\"async\" class=\"alignnone size-large wp-image-55757\" src=\"https:\/\/i0.wp.com\/cdnoticias.com\/wp-content\/uploads\/2022\/05\/mujeres-empresarias08-1024x570.jpg?resize=800%2C445&#038;ssl=1\" alt=\"\" width=\"800\" height=\"445\" srcset=\"https:\/\/i0.wp.com\/cdnoticias.com\/wp-content\/uploads\/2022\/05\/mujeres-empresarias08-scaled.jpg?resize=1024%2C570&amp;ssl=1 1024w, https:\/\/i0.wp.com\/cdnoticias.com\/wp-content\/uploads\/2022\/05\/mujeres-empresarias08-scaled.jpg?resize=300%2C167&amp;ssl=1 300w, https:\/\/i0.wp.com\/cdnoticias.com\/wp-content\/uploads\/2022\/05\/mujeres-empresarias08-scaled.jpg?resize=768%2C427&amp;ssl=1 768w, https:\/\/i0.wp.com\/cdnoticias.com\/wp-content\/uploads\/2022\/05\/mujeres-empresarias08-scaled.jpg?resize=1536%2C854&amp;ssl=1 1536w, https:\/\/i0.wp.com\/cdnoticias.com\/wp-content\/uploads\/2022\/05\/mujeres-empresarias08-scaled.jpg?resize=2048%2C1139&amp;ssl=1 2048w, https:\/\/i0.wp.com\/cdnoticias.com\/wp-content\/uploads\/2022\/05\/mujeres-empresarias08-scaled.jpg?resize=800%2C445&amp;ssl=1 800w, https:\/\/i0.wp.com\/cdnoticias.com\/wp-content\/uploads\/2022\/05\/mujeres-empresarias08-scaled.jpg?w=1600&amp;ssl=1 1600w, https:\/\/i0.wp.com\/cdnoticias.com\/wp-content\/uploads\/2022\/05\/mujeres-empresarias08-scaled.jpg?w=2400&amp;ssl=1 2400w\" sizes=\"auto, (max-width: 800px) 100vw, 800px\" \/><\/p>\n<p>&nbsp;<\/p>\n<p>Por su parte,<strong> Mariela Azzato coordinadora del grupo de mujeres,<\/strong> se\u00f1al\u00f3 que este a\u00f1o<em> \u201caprovechamos que la C\u00e1mara Empresaria y la Sociedad Rural est\u00e1n reviendo la forma de hacer la Expo Olavarr\u00eda para hacer una Expo Mujer m\u00e1s ampliada con actividades rurales\u201d.<\/em><\/p>\n<p>&nbsp;<\/p>\n<p>Habr\u00e1 m\u00e1s de 90 stands y una variedad importante de espect\u00e1culos y actividades. En ese sentido, una de las integrantes del grupo organizador,<strong> Lorena Bocca, indic\u00f3 que se encuentran a la venta los stands para empresas y emprendedores.<\/strong><\/p>\n<p>&nbsp;<\/p>\n<p><img data-recalc-dims=\"1\" loading=\"lazy\" decoding=\"async\" class=\"alignnone size-large wp-image-55751\" src=\"https:\/\/i0.wp.com\/cdnoticias.com\/wp-content\/uploads\/2022\/05\/mujeres-empresarias02-1024x570.jpg?resize=800%2C445&#038;ssl=1\" alt=\"\" width=\"800\" height=\"445\" srcset=\"https:\/\/i0.wp.com\/cdnoticias.com\/wp-content\/uploads\/2022\/05\/mujeres-empresarias02-scaled.jpg?resize=1024%2C570&amp;ssl=1 1024w, https:\/\/i0.wp.com\/cdnoticias.com\/wp-content\/uploads\/2022\/05\/mujeres-empresarias02-scaled.jpg?resize=300%2C167&amp;ssl=1 300w, https:\/\/i0.wp.com\/cdnoticias.com\/wp-content\/uploads\/2022\/05\/mujeres-empresarias02-scaled.jpg?resize=768%2C427&amp;ssl=1 768w, https:\/\/i0.wp.com\/cdnoticias.com\/wp-content\/uploads\/2022\/05\/mujeres-empresarias02-scaled.jpg?resize=1536%2C854&amp;ssl=1 1536w, https:\/\/i0.wp.com\/cdnoticias.com\/wp-content\/uploads\/2022\/05\/mujeres-empresarias02-scaled.jpg?resize=2048%2C1139&amp;ssl=1 2048w, https:\/\/i0.wp.com\/cdnoticias.com\/wp-content\/uploads\/2022\/05\/mujeres-empresarias02-scaled.jpg?resize=800%2C445&amp;ssl=1 800w, https:\/\/i0.wp.com\/cdnoticias.com\/wp-content\/uploads\/2022\/05\/mujeres-empresarias02-scaled.jpg?w=1600&amp;ssl=1 1600w, https:\/\/i0.wp.com\/cdnoticias.com\/wp-content\/uploads\/2022\/05\/mujeres-empresarias02-scaled.jpg?w=2400&amp;ssl=1 2400w\" sizes=\"auto, (max-width: 800px) 100vw, 800px\" \/><\/p>\n<p>&nbsp;<\/p>\n<p>Por otra parte, resaltaron que por razones organizativas<em> \u201ceste a\u00f1o se va a cobrar una entrada muy accesible para que todo el mundo pueda participar\u201d.<\/em> Adem\u00e1s, <strong>la pr\u00f3xima semana estar\u00e1n disponibles en las web de la C\u00e1mara Empresaria y en redes sociales los formularios para realizar las nominaciones a las distinciones.<\/strong><\/p>\n<p>&nbsp;<\/p>\n<blockquote><p>Azzato resalt\u00f3 que en total son 9 las distinciones y \u201cel premio Mujer Empresaria de Olavarr\u00eda que termina participando en la Federaci\u00f3n Econ\u00f3mica por el premio al empresario bonaerense\u201d.<\/p><\/blockquote>\n<p>&nbsp;<\/p>\n<p>Por \u00faltimo, se <strong>destac\u00f3 el rol del grupo de mujeres como \u201cpioneras\u201d de la actividad<\/strong> ya que en palabras de Azzato<em> \u201cla C\u00e1mara de Olavarr\u00eda es uno de los primeros grupos femeninos que se fund\u00f3. Somos antiguas y tenemos mucha m\u00e1s trayectoria que por ah\u00ed otras c\u00e1maras que reci\u00e9n est\u00e1n formando el grupo femenino\u201d.<\/em><\/p>\n<p>&nbsp;<\/p>\n<p>Y concluy\u00f3:<em> \u201cla participaci\u00f3n de la mujer en la C\u00e1mara hace muchos a\u00f1os -alrededor de 13 cuando se form\u00f3 el grupo de mujeres- es activa y constante. Hay miembros de comisi\u00f3n directiva que salen del grupo de mujeres y siempre tenemos incorporaciones\u201d.<\/em><\/p>\n","protected":false},"excerpt":{"rendered":"<p>Ser\u00e1 del 8 al 10 de octubre e incorporar\u00e1 actividades rurales. Este viernes, se brindaron detalles de la novena edici\u00f3n<\/p>\n","protected":false},"author":2,"featured_media":55749,"comment_status":"closed","ping_status":"closed","sticky":false,"template":"","format":"standard","meta":{"_jetpack_memberships_contains_paid_content":false,"footnotes":""},"categories":[5,1],"tags":[],"class_list":["post-55791","post","type-post","status-publish","format-standard","has-post-thumbnail","hentry","category-informacion-general","category-portada"],"jetpack_featured_media_url":"https:\/\/i0.wp.com\/cdnoticias.com\/wp-content\/uploads\/2022\/05\/mujeres-empresarias01-scaled.jpg?fit=2560%2C1424&ssl=1","jetpack_sharing_enabled":true,"_links":{"self":[{"href":"https:\/\/cdnoticias.com\/index.php\/wp-json\/wp\/v2\/posts\/55791","targetHints":{"allow":["GET"]}}],"collection":[{"href":"https:\/\/cdnoticias.com\/index.php\/wp-json\/wp\/v2\/posts"}],"about":[{"href":"https:\/\/cdnoticias.com\/index.php\/wp-json\/wp\/v2\/types\/post"}],"author":[{"embeddable":true,"href":"https:\/\/cdnoticias.com\/index.php\/wp-json\/wp\/v2\/users\/2"}],"replies":[{"embeddable":true,"href":"https:\/\/cdnoticias.com\/index.php\/wp-json\/wp\/v2\/comments?post=55791"}],"version-history":[{"count":0,"href":"https:\/\/cdnoticias.com\/index.php\/wp-json\/wp\/v2\/posts\/55791\/revisions"}],"wp:featuredmedia":[{"embeddable":true,"href":"https:\/\/cdnoticias.com\/index.php\/wp-json\/wp\/v2\/media\/55749"}],"wp:attachment":[{"href":"https:\/\/cdnoticias.com\/index.php\/wp-json\/wp\/v2\/media?parent=55791"}],"wp:term":[{"taxonomy":"category","embeddable":true,"href":"https:\/\/cdnoticias.com\/index.php\/wp-json\/wp\/v2\/categories?post=55791"},{"taxonomy":"post_tag","embeddable":true,"href":"https:\/\/cdnoticias.com\/index.php\/wp-json\/wp\/v2\/tags?post=55791"}],"curies":[{"name":"wp","href":"https:\/\/api.w.org\/{rel}","templated":true}]}}