{"id":55786,"date":"2022-05-27T20:29:50","date_gmt":"2022-05-27T23:29:50","guid":{"rendered":"https:\/\/www.centraldenoticias.com.ar\/?p=55786"},"modified":"2022-05-28T10:28:03","modified_gmt":"2022-05-28T13:28:03","slug":"causa-hermanos-cairo-pidieron-hasta-ocho-anos-de-prision-para-siete-acusados","status":"publish","type":"post","link":"https:\/\/cdnoticias.com\/index.php\/2022\/05\/27\/causa-hermanos-cairo-pidieron-hasta-ocho-anos-de-prision-para-siete-acusados\/","title":{"rendered":"Causa hermanos Cairo: pidieron hasta ocho a\u00f1os de prisi\u00f3n para siete acusados"},"content":{"rendered":"<p>El juicio se realiza en Mar del Plata. Para la parte fiscal \u201cqued\u00f3 acreditado que entre agosto de 2014 y noviembre de 2018 integraron una banda dedicada a la comercializaci\u00f3n de coca\u00edna al menudeo\u201d. <!--more--><\/p>\n<hr \/>\n<p>El fiscal general Fabi\u00e1n C\u00e9liz y el auxiliar fiscal Carlos Fioriti solicitaron ante el<strong> Tribunal Oral Federal de Mar del Plata penas de entre cuatro y ocho a\u00f1os de prisi\u00f3n para siete personas acusadas de integrar una organizaci\u00f3n que vend\u00eda coca\u00edna al menudeo en nuestra ciudad, entre ellos los hermanos Cairo.<\/strong><\/p>\n<p>&nbsp;<\/p>\n<p>Para los representantes del Ministerio P\u00fablico Fiscal, a lo largo del debate qued\u00f3 demostrado que los acusados<strong><em> \u201ceran parte de una banda dedicada a la comercializaci\u00f3n de estupefacientes, que operaba ante pedidos telef\u00f3nicos de sus clientes y luego distribu\u00eda el material con la modalidad de env\u00edo a domicilio\u201d.<\/em><\/strong><\/p>\n<p>&nbsp;<\/p>\n<p>La fiscal\u00eda solicit\u00f3 se condene a <strong>Pablo Rub\u00e9n Cairo, Marcos Aaron Cairo y H\u00e9ctor Alejandro Garc\u00eda como coautores del delito de tenencia ileg\u00edtima de estupefacientes con fines de comercializaci\u00f3n, agravado por la intervenci\u00f3n de tres o m\u00e1s personas<\/strong>, mientras que para <strong>Hugo Mart\u00edn Paroli, el pedido fue de seis a\u00f1os de prisi\u00f3n, tambi\u00e9n en calidad de coautor.<\/strong> En tanto, para <strong>Gerardo Omar Pacheco, Mart\u00edn Leal y Ramiro Oscar Jouandon, el pedido de penas fue de cuatro a\u00f1os de prisi\u00f3n<\/strong>, por considerarlos part\u00edcipes secundarios.<\/p>\n<p>&nbsp;<\/p>\n<blockquote><p>A lo largo de todo el juicio que tiene a los olavarrienses como principales implicados, <em>\u201cqued\u00f3 acreditado que desde agosto de 2014 y hasta el 13 de noviembre de 2018, Pablo Cairo lideraba una banda dedicada a la comercializaci\u00f3n de coca\u00edna al menudeo en la ciudad de Olavarr\u00eda, que operaba a partir de un esquema de pedidos que recib\u00edan de manera telef\u00f3nica, para luego pactar lugares de entrega\u201d.<\/em><\/p><\/blockquote>\n<p>&nbsp;<\/p>\n<p>Seg\u00fan la acusaci\u00f3n, su hermano Marcos era el encargado de ocultar el material estupefaciente y fraccionarlo, mientras que Alejandro Garc\u00eda oficiaba de nexo entre los l\u00edderes de la organizaci\u00f3n y Mart\u00edn Paroli, quien se encargaba luego de manejar a los punteros responsables de la venta minorista, entre los que se encontraban Pacheco, Leal y Jouandon.<\/p>\n<p>&nbsp;<\/p>\n<p>Tras una denuncia an\u00f3nima, tareas investigativas y allanamentos reiterados en el domicilio de Cairo, <strong>las escuchas telef\u00f3nicas realizadas durante la investigaci\u00f3n permitieron reconocer los tel\u00e9fonos utilizados por los imputados, como tambi\u00e9n que al momento de realizar transacciones comerciales hablaban en c\u00f3digo para no ser descubiertos.<\/strong><\/p>\n<p>&nbsp;<\/p>\n<p>Cabe recordar que el 23 de noviembre de 2018, el juzgado instructor orden\u00f3 el allanamiento de la vivienda personal de Pablo Cairo y de una quinta de su propiedad, como tambi\u00e9n de las viviendas del resto de los imputados. <strong>Como resultado, se hallaron 186,35 gramos de coca\u00edna y 3.1 gramos de marihuana, junto con balanzas de precisi\u00f3n, elementos de corte, recortes de nylon y bandas el\u00e1sticas, todos elementos utilizados, de acuerdo al alegato, en el fraccionamiento de droga para venta al menudeo.\u00a0<\/strong><\/p>\n<p>&nbsp;<\/p>\n<p>Junto con el pedido de penas, <strong>C\u00e9liz y Fioriti solicitaron tambi\u00e9n el decomiso de un autom\u00f3vil Ford Focus perteneciente a Mart\u00edn Paroli, una camioneta Toyota Hilux propiedad de Alejandro Garc\u00eda y otra de Marcos Cairo, y un autom\u00f3vil Volkswagen Vento perteneciente a Mart\u00edn Leal, todos ellos secuestrados durante el operativo de 2018.<\/strong> Solicit\u00f3 adem\u00e1s el decomiso de<strong> 184.380 pesos, 615 d\u00f3lares y 140 euros que fueron hallados durante los allanamientos<\/strong>, y que para el Ministerio P\u00fablico Fiscal son ganancias de la organizaci\u00f3n producto del tr\u00e1fico de estupefacientes.<\/p>\n<p>&nbsp;<\/p>\n<p><em>Informaci\u00f3n: Fiscales.gob.ar<\/em><\/p>\n","protected":false},"excerpt":{"rendered":"<p>El juicio se realiza en Mar del Plata. Para la parte fiscal \u201cqued\u00f3 acreditado que entre agosto de 2014 y<\/p>\n","protected":false},"author":2,"featured_media":55787,"comment_status":"closed","ping_status":"closed","sticky":false,"template":"","format":"standard","meta":{"_jetpack_memberships_contains_paid_content":false,"footnotes":""},"categories":[14,1],"tags":[],"class_list":["post-55786","post","type-post","status-publish","format-standard","has-post-thumbnail","hentry","category-policiales","category-portada"],"jetpack_featured_media_url":"https:\/\/i0.wp.com\/cdnoticias.com\/wp-content\/uploads\/2022\/05\/juicio-cairo-mdp.jpg?fit=820%2C527&ssl=1","jetpack_sharing_enabled":true,"_links":{"self":[{"href":"https:\/\/cdnoticias.com\/index.php\/wp-json\/wp\/v2\/posts\/55786","targetHints":{"allow":["GET"]}}],"collection":[{"href":"https:\/\/cdnoticias.com\/index.php\/wp-json\/wp\/v2\/posts"}],"about":[{"href":"https:\/\/cdnoticias.com\/index.php\/wp-json\/wp\/v2\/types\/post"}],"author":[{"embeddable":true,"href":"https:\/\/cdnoticias.com\/index.php\/wp-json\/wp\/v2\/users\/2"}],"replies":[{"embeddable":true,"href":"https:\/\/cdnoticias.com\/index.php\/wp-json\/wp\/v2\/comments?post=55786"}],"version-history":[{"count":0,"href":"https:\/\/cdnoticias.com\/index.php\/wp-json\/wp\/v2\/posts\/55786\/revisions"}],"wp:featuredmedia":[{"embeddable":true,"href":"https:\/\/cdnoticias.com\/index.php\/wp-json\/wp\/v2\/media\/55787"}],"wp:attachment":[{"href":"https:\/\/cdnoticias.com\/index.php\/wp-json\/wp\/v2\/media?parent=55786"}],"wp:term":[{"taxonomy":"category","embeddable":true,"href":"https:\/\/cdnoticias.com\/index.php\/wp-json\/wp\/v2\/categories?post=55786"},{"taxonomy":"post_tag","embeddable":true,"href":"https:\/\/cdnoticias.com\/index.php\/wp-json\/wp\/v2\/tags?post=55786"}],"curies":[{"name":"wp","href":"https:\/\/api.w.org\/{rel}","templated":true}]}}