{"id":55782,"date":"2022-05-27T19:45:02","date_gmt":"2022-05-27T22:45:02","guid":{"rendered":"https:\/\/www.centraldenoticias.com.ar\/?p=55782"},"modified":"2022-05-27T19:45:02","modified_gmt":"2022-05-27T22:45:02","slug":"mas-de-3200-personas-se-vacunaron-contra-el-covid-esta-semana","status":"publish","type":"post","link":"https:\/\/cdnoticias.com\/index.php\/2022\/05\/27\/mas-de-3200-personas-se-vacunaron-contra-el-covid-esta-semana\/","title":{"rendered":"M\u00e1s de 3200 personas se vacunaron contra el Covid esta semana"},"content":{"rendered":"<p>Este fin de semana se aplicar\u00e1n primeras, segundas, terceras y cuartas dosis. Los detalles. <!--more--><\/p>\n<hr \/>\n<p>&nbsp;<\/p>\n<p>En la semana comprendida entre el<strong> 21 y el 27 de mayo se aplicaron 2603 cuartas dosis sobre un total de 3219 personas vacunadas contra el Covid-19<\/strong>, distribuidas de la siguiente manera: en la Pe\u00f1a Ciudad de Olavarr\u00eda Boca Jr. se inocularon 1500 vecinas y vecinos, y en los vacunatorios itinerantes se aplicaron 1719 dosis.<\/p>\n<p>&nbsp;<\/p>\n<p>Este <strong>s\u00e1bado 28 el vacunatorio m\u00f3vil volver\u00e1 al Paseo Jes\u00fas Mend\u00eda de 10:00 a 14:00. <\/strong><\/p>\n<p>&nbsp;<\/p>\n<p>Por otra parte, el <strong>domingo 29<\/strong> se realizar\u00e1n nuevamente aplicaciones en el <strong>Parque Helios Eseverri<\/strong> <strong>de 14:00 a 17:00.<\/strong><\/p>\n<p>&nbsp;<\/p>\n<p>En dichos lugares<strong> se aplicar\u00e1n primeras, segundas, terceras y cuartas dosis<\/strong> siempre respetando los cronogramas establecidos por el Ministerio de Salud bonaerense.<\/p>\n<p>&nbsp;<\/p>\n<p>Adem\u00e1s,<strong> ni\u00f1os y ni\u00f1as a partir de los 5 a\u00f1os podr\u00e1n vacunarse con el primer refuerzo de la vacuna contra el Covid<\/strong> de manera libre, federal y <strong>sin turno previo<\/strong> en cualquier posta de la ciudad.<\/p>\n<p>&nbsp;<\/p>\n<p>Por otro lado, como anunci\u00f3 el Ministerio de Salud bonaerense las<strong> personas mayores de 18 a\u00f1os podr\u00e1n acceder a la segunda dosis de refuerzo libre,<\/strong> cumpliendo como requisito haber cumplido 4 meses desde el primer refuerzo.<\/p>\n<p>&nbsp;<\/p>\n<p>Por consultas, podr\u00e1n acercarse a la <strong>Pe\u00f1a Ciudad de Olavarr\u00eda Boca Jr. <\/strong>ubicada en <strong>Chacabuco 4366<\/strong>, todos los d\u00edas de <strong>8:00 a 16:00.<\/strong><\/p>\n","protected":false},"excerpt":{"rendered":"<p>Este fin de semana se aplicar\u00e1n primeras, segundas, terceras y cuartas dosis. Los detalles.<\/p>\n","protected":false},"author":6,"featured_media":51717,"comment_status":"closed","ping_status":"closed","sticky":false,"template":"","format":"standard","meta":{"_jetpack_memberships_contains_paid_content":false,"footnotes":""},"categories":[16,1],"tags":[],"class_list":["post-55782","post","type-post","status-publish","format-standard","has-post-thumbnail","hentry","category-covid-19","category-portada"],"jetpack_featured_media_url":"https:\/\/i0.wp.com\/cdnoticias.com\/wp-content\/uploads\/2022\/04\/vacuna-adolescentes-2.jpg?fit=1800%2C1200&ssl=1","jetpack_sharing_enabled":true,"_links":{"self":[{"href":"https:\/\/cdnoticias.com\/index.php\/wp-json\/wp\/v2\/posts\/55782","targetHints":{"allow":["GET"]}}],"collection":[{"href":"https:\/\/cdnoticias.com\/index.php\/wp-json\/wp\/v2\/posts"}],"about":[{"href":"https:\/\/cdnoticias.com\/index.php\/wp-json\/wp\/v2\/types\/post"}],"author":[{"embeddable":true,"href":"https:\/\/cdnoticias.com\/index.php\/wp-json\/wp\/v2\/users\/6"}],"replies":[{"embeddable":true,"href":"https:\/\/cdnoticias.com\/index.php\/wp-json\/wp\/v2\/comments?post=55782"}],"version-history":[{"count":0,"href":"https:\/\/cdnoticias.com\/index.php\/wp-json\/wp\/v2\/posts\/55782\/revisions"}],"wp:featuredmedia":[{"embeddable":true,"href":"https:\/\/cdnoticias.com\/index.php\/wp-json\/wp\/v2\/media\/51717"}],"wp:attachment":[{"href":"https:\/\/cdnoticias.com\/index.php\/wp-json\/wp\/v2\/media?parent=55782"}],"wp:term":[{"taxonomy":"category","embeddable":true,"href":"https:\/\/cdnoticias.com\/index.php\/wp-json\/wp\/v2\/categories?post=55782"},{"taxonomy":"post_tag","embeddable":true,"href":"https:\/\/cdnoticias.com\/index.php\/wp-json\/wp\/v2\/tags?post=55782"}],"curies":[{"name":"wp","href":"https:\/\/api.w.org\/{rel}","templated":true}]}}