{"id":55771,"date":"2022-05-27T19:06:23","date_gmt":"2022-05-27T22:06:23","guid":{"rendered":"https:\/\/www.centraldenoticias.com.ar\/?p=55771"},"modified":"2022-05-27T20:30:03","modified_gmt":"2022-05-27T23:30:03","slug":"la-union-vecinal-de-olavarria-se-solidarizo-con-javier-frias-tras-la-denuncia-en-el-hcd","status":"publish","type":"post","link":"https:\/\/cdnoticias.com\/index.php\/2022\/05\/27\/la-union-vecinal-de-olavarria-se-solidarizo-con-javier-frias-tras-la-denuncia-en-el-hcd\/","title":{"rendered":"La Uni\u00f3n Vecinal de Olavarr\u00eda se \u201csolidariz\u00f3\u201d con Javier Fr\u00edas tras la denuncia en el HCD"},"content":{"rendered":"<p>Con la firma de representantes de 23 barrios, se\u00f1alaron que \u201csu honestidad y la de su familia no debe discutirse bajo ning\u00fan concepto\u201d. Catalogaron la iniciativa de \u201cmala pr\u00e1ctica pol\u00edtica\u201d. <!--more--><\/p>\n<hr \/>\n<p>Referentes barriales conformados en la denominada<strong> \u201cUni\u00f3n Vecinal de Olavarr\u00eda\u201d emitieron un comunicado en el que se solidarizaron con el concejal de Juntos Javier Fr\u00edas tras la denuncia de \u201ccorrupci\u00f3n\u201d en el HCD.<\/strong><\/p>\n<p>&nbsp;<\/p>\n<p>Cabe recordar que desde<a href=\"https:\/\/cdnoticias.com\/index.php\/2022\/05\/26\/accidentado-inicio-de-la-sesion-especial-del-hcd-el-frente-de-todos-pidio-la-cesantia-de-javier-frias\/\" target=\"_blank\" rel=\"noopener\"> el Frente de Todos se pidi\u00f3 la cesant\u00eda de Fr\u00edas dado que durante su periodo como concejal, desde diciembre de 2021, factur\u00f3 como proveedor<\/a> en una empresa de la cual <a href=\"https:\/\/cdnoticias.com\/index.php\/2022\/05\/26\/javier-frias-la-responsable-de-la-firma-es-mi-hermana\/\" target=\"_blank\" rel=\"noopener\">es integrante por sucesi\u00f3n.<\/a><\/p>\n<p>&nbsp;<\/p>\n<p><strong><em>\u201cSu honestidad y la de su familia no debe discutirse bajo ning\u00fan concepto\u201d<\/em> <\/strong>indicaron y catalogaron de \u201cmala pr\u00e1ctica pol\u00edtica\u201d el planteo del Frente de Todos: <em>\u201cintentaron salpicar a una persona que siempre trabaj\u00f3 y trabaja para ayudar al pr\u00f3jimo\u201d.<\/em><\/p>\n<p>&nbsp;<\/p>\n<blockquote><p>\u201cJavier Fr\u00edas demostr\u00f3 ser un excelente dirigente barrial y deportivo, motivo por el cual se gan\u00f3 leg\u00edtimamente una banca en el Concejo Deliberante que hoy algunos pretender arrebat\u00e1rsela, yendo contra el voto del pueblo que all\u00ed lo ubic\u00f3\u201d.<\/p><\/blockquote>\n<p>&nbsp;<\/p>\n<p>Se\u00f1alaron que el planteo es un \u201csin sentido\u201d y <em>\u201ccon chicanas, desde la oposici\u00f3n se busc\u00f3 manchar a un apellido que en toda Olavarr\u00eda conoce de su trabajo y sacrificio\u201d.<\/em><\/p>\n<p>&nbsp;<\/p>\n<p>Para cerrar, <strong><em>\u201cnuestra agrupaci\u00f3n ve reflejado el esp\u00edritu del fomentismo en Javier Fr\u00edas y es por eso que lo acompa\u00f1amos a transitar este duro momento sabiendo que siempre gana el bien\u201d.<\/em><\/strong><\/p>\n<p>&nbsp;<\/p>\n<p>El comunicado fue firmado por representantes de los barrios AOMA, Hip\u00f3lito Yrigoyen, 25 de Noviembre, Coronel Olavarr\u00eda, 12 de Octubre, Pueyrred\u00f3n, Tiro Federal, Villa Mail\u00edn, 4 de Octubre, Los Robles, La Ara\u00f1a, UOCRA, Villa Magdalena, Carlos Pellegrini,\u00a0 Isaura, Cuarteles, Trabajadores, Sarmiento, Provincias Unidas, Villa Aurora, Coronel Dorrego, Pickelado y San Lorenzo.<\/p>\n","protected":false},"excerpt":{"rendered":"<p>Con la firma de representantes de 23 barrios, se\u00f1alaron que \u201csu honestidad y la de su familia no debe discutirse<\/p>\n","protected":false},"author":2,"featured_media":55632,"comment_status":"closed","ping_status":"closed","sticky":false,"template":"","format":"standard","meta":{"_jetpack_memberships_contains_paid_content":false,"footnotes":""},"categories":[4,1],"tags":[],"class_list":["post-55771","post","type-post","status-publish","format-standard","has-post-thumbnail","hentry","category-politica","category-portada"],"jetpack_featured_media_url":"https:\/\/i0.wp.com\/cdnoticias.com\/wp-content\/uploads\/2022\/05\/WhatsApp-Image-2022-05-26-at-11.35.27-AM.jpeg?fit=1600%2C961&ssl=1","jetpack_sharing_enabled":true,"_links":{"self":[{"href":"https:\/\/cdnoticias.com\/index.php\/wp-json\/wp\/v2\/posts\/55771","targetHints":{"allow":["GET"]}}],"collection":[{"href":"https:\/\/cdnoticias.com\/index.php\/wp-json\/wp\/v2\/posts"}],"about":[{"href":"https:\/\/cdnoticias.com\/index.php\/wp-json\/wp\/v2\/types\/post"}],"author":[{"embeddable":true,"href":"https:\/\/cdnoticias.com\/index.php\/wp-json\/wp\/v2\/users\/2"}],"replies":[{"embeddable":true,"href":"https:\/\/cdnoticias.com\/index.php\/wp-json\/wp\/v2\/comments?post=55771"}],"version-history":[{"count":0,"href":"https:\/\/cdnoticias.com\/index.php\/wp-json\/wp\/v2\/posts\/55771\/revisions"}],"wp:featuredmedia":[{"embeddable":true,"href":"https:\/\/cdnoticias.com\/index.php\/wp-json\/wp\/v2\/media\/55632"}],"wp:attachment":[{"href":"https:\/\/cdnoticias.com\/index.php\/wp-json\/wp\/v2\/media?parent=55771"}],"wp:term":[{"taxonomy":"category","embeddable":true,"href":"https:\/\/cdnoticias.com\/index.php\/wp-json\/wp\/v2\/categories?post=55771"},{"taxonomy":"post_tag","embeddable":true,"href":"https:\/\/cdnoticias.com\/index.php\/wp-json\/wp\/v2\/tags?post=55771"}],"curies":[{"name":"wp","href":"https:\/\/api.w.org\/{rel}","templated":true}]}}