{"id":55747,"date":"2022-05-29T17:54:00","date_gmt":"2022-05-29T20:54:00","guid":{"rendered":"https:\/\/www.centraldenoticias.com.ar\/?p=55747"},"modified":"2022-05-29T17:54:00","modified_gmt":"2022-05-29T20:54:00","slug":"se-realizara-una-clase-sobre-movilidad-urbana-y-seguridad-vial","status":"publish","type":"post","link":"https:\/\/cdnoticias.com\/index.php\/2022\/05\/29\/se-realizara-una-clase-sobre-movilidad-urbana-y-seguridad-vial\/","title":{"rendered":"Se realizar\u00e1 una clase sobre Movilidad Urbana y Seguridad Vial"},"content":{"rendered":"<p>Ser\u00e1 desde la Escuela de Gobierno proyectAR y estar\u00e1 a cargo del Ingeniero Marcos Pascua. <!--more--><\/p>\n<hr \/>\n<p>El pr\u00f3ximo <strong>jueves 2 de junio<\/strong> la <strong>Escuela de Gobierno y Pol\u00edticas P\u00fablicas \u201cProyectAR<\/strong>\u201d,<strong> coordinada a nivel local por Eduardo Rodr\u00edguez<\/strong>, realizar\u00e1 una<strong> clase sobre Seguridad Vial a cargo del Ingeniero Marcos Pascua.<\/strong><\/p>\n<p>&nbsp;<\/p>\n<p>Tendr\u00e1 lugar a partir de las<strong> 18:30 en el SUM de AOMA<\/strong>, ubicado en Alsina 2556, y ser\u00e1 de <strong>modalidad abierta al p\u00fablico.<\/strong><\/p>\n<p>&nbsp;<\/p>\n<p><strong>Marcos Pascua es egresado de la carrera Ingenier\u00eda Civil,<\/strong> en la<strong> Facultad de Ingenier\u00eda de Olavarr\u00eda<\/strong>. Dedic\u00f3 su tesis al estudio de la seguridad vial y desarrolla su actividad profesional como promotor comunitario de seguridad vial, consultor de seguridad vial y supervisor de obra para Vialidad Nacional.<\/p>\n<p>&nbsp;<\/p>\n<p>La exposici\u00f3n de Pascua se titula <strong>&#8220;La movilidad desde Los Picapiedras a los Supers\u00f3nicos<\/strong>&#8221; y propone pensar la movilidad urbana desde su relaci\u00f3n con los dibujos animados. As\u00ed, el Ingeniero reflexiona desde una serie de tem\u00e1ticas tituladas &#8220;C\u00f3mo eran las ciudades que planteaba Hanna-Barbera y qu\u00e9 relaciones tienen con las nuestras&#8221;, &#8220;C\u00f3mo tiene que ser esa ciudad del futuro&#8221; y &#8220;\u00bf\u00c1msterdam siempre fue \u00c1msterdam?&#8221;<\/p>\n<p>&nbsp;<\/p>\n<p>&#8220;La Escuela de Gobierno y Pol\u00edticas P\u00fablicas, \u201cProyectAR\u201d, es un espacio de formaci\u00f3n de equipos t\u00e9cnicos y de gesti\u00f3n basados en el conocimiento, con solidez y visi\u00f3n de largo plazo, para poder abordar los desaf\u00edos que afrontan nuestras democracias en el siglo XXI&#8221; se indic\u00f3.<\/p>\n<p>&nbsp;<\/p>\n<p>Para m\u00e1s informaci\u00f3n de la<strong> Escuela de Gobierno y Pol\u00edticas P\u00fablicas, \u201cProyectAR<\/strong>\u201d, ingresar a <a href=\"https:\/\/foroolavarria.org\/proyectar-escuela-de-gobierno-y-politicas-publicas\" target=\"_blank\" rel=\"noopener\">https:\/\/foroolavarria.org\/proyectar-escuela-de-gobierno-y-politicas-publicas<\/a><\/p>\n","protected":false},"excerpt":{"rendered":"<p>Ser\u00e1 desde la Escuela de Gobierno proyectAR y estar\u00e1 a cargo del Ingeniero Marcos Pascua.<\/p>\n","protected":false},"author":6,"featured_media":55748,"comment_status":"closed","ping_status":"closed","sticky":false,"template":"","format":"standard","meta":{"_jetpack_memberships_contains_paid_content":false,"footnotes":""},"categories":[5,1],"tags":[],"class_list":["post-55747","post","type-post","status-publish","format-standard","has-post-thumbnail","hentry","category-informacion-general","category-portada"],"jetpack_featured_media_url":"https:\/\/i0.wp.com\/cdnoticias.com\/wp-content\/uploads\/2022\/05\/Marcos-Pascua.jpg?fit=856%2C578&ssl=1","jetpack_sharing_enabled":true,"_links":{"self":[{"href":"https:\/\/cdnoticias.com\/index.php\/wp-json\/wp\/v2\/posts\/55747","targetHints":{"allow":["GET"]}}],"collection":[{"href":"https:\/\/cdnoticias.com\/index.php\/wp-json\/wp\/v2\/posts"}],"about":[{"href":"https:\/\/cdnoticias.com\/index.php\/wp-json\/wp\/v2\/types\/post"}],"author":[{"embeddable":true,"href":"https:\/\/cdnoticias.com\/index.php\/wp-json\/wp\/v2\/users\/6"}],"replies":[{"embeddable":true,"href":"https:\/\/cdnoticias.com\/index.php\/wp-json\/wp\/v2\/comments?post=55747"}],"version-history":[{"count":0,"href":"https:\/\/cdnoticias.com\/index.php\/wp-json\/wp\/v2\/posts\/55747\/revisions"}],"wp:featuredmedia":[{"embeddable":true,"href":"https:\/\/cdnoticias.com\/index.php\/wp-json\/wp\/v2\/media\/55748"}],"wp:attachment":[{"href":"https:\/\/cdnoticias.com\/index.php\/wp-json\/wp\/v2\/media?parent=55747"}],"wp:term":[{"taxonomy":"category","embeddable":true,"href":"https:\/\/cdnoticias.com\/index.php\/wp-json\/wp\/v2\/categories?post=55747"},{"taxonomy":"post_tag","embeddable":true,"href":"https:\/\/cdnoticias.com\/index.php\/wp-json\/wp\/v2\/tags?post=55747"}],"curies":[{"name":"wp","href":"https:\/\/api.w.org\/{rel}","templated":true}]}}