{"id":55739,"date":"2022-05-27T18:48:58","date_gmt":"2022-05-27T21:48:58","guid":{"rendered":"https:\/\/www.centraldenoticias.com.ar\/?p=55739"},"modified":"2022-05-27T19:18:20","modified_gmt":"2022-05-27T22:18:20","slug":"covid-19-se-registraron-80-casos-nuevos-en-olavarria","status":"publish","type":"post","link":"https:\/\/cdnoticias.com\/index.php\/2022\/05\/27\/covid-19-se-registraron-80-casos-nuevos-en-olavarria\/","title":{"rendered":"Covid 19: se registraron 80 casos nuevos en Olavarr\u00eda"},"content":{"rendered":"<p>Hay dos pacientes internados en Cuidados Generales y uno en la Unidad de Terapia Intensiva del Hospital Municipal Dr. H\u00e9ctor Cura.<!--more--><\/p>\n<hr \/>\n<p>&nbsp;<\/p>\n<p>La <strong>Secretar\u00eda de Salud<\/strong> del Municipio emiti\u00f3 el informe sanitario correspondiente a la semana del <strong>23 al 27 de mayo de 2022.<\/strong><\/p>\n<p>&nbsp;<\/p>\n<p>Del mismo se desprende que fueron 303 los testeos que se realizaron, de los cuales <strong>80 fueron positivos<\/strong> y 223 negativos para Covid-19.<\/p>\n<p>&nbsp;<\/p>\n<p><img data-recalc-dims=\"1\" loading=\"lazy\" decoding=\"async\" class=\"aligncenter wp-image-55741 size-large\" src=\"https:\/\/i0.wp.com\/cdnoticias.com\/wp-content\/uploads\/2022\/05\/WhatsApp-Image-2022-05-27-at-5.36.28-PM-1024x1024.jpeg?resize=800%2C800&#038;ssl=1\" alt=\"\" width=\"800\" height=\"800\" \/><\/p>\n<p>&nbsp;<\/p>\n<p>En la semana, adem\u00e1s, 45 pacientes recibieron el alta m\u00e9dica, por lo que son<strong> 96 las personas que transitan la enfermedad en Olavarr\u00eda.<\/strong> La mayor\u00eda de los <strong>pacientes activos tiene menos de 60 a\u00f1os.<\/strong><\/p>\n<p>&nbsp;<\/p>\n<p><img data-recalc-dims=\"1\" loading=\"lazy\" decoding=\"async\" class=\"aligncenter wp-image-55740 size-large\" src=\"https:\/\/i0.wp.com\/cdnoticias.com\/wp-content\/uploads\/2022\/05\/WhatsApp-Image-2022-05-27-at-5.36.28-PM-1-1024x1024.jpeg?resize=800%2C800&#038;ssl=1\" alt=\"\" width=\"800\" height=\"800\" \/><\/p>\n<p>&nbsp;<\/p>\n<p>Por \u00faltimo se indic\u00f3 que la positividad fue de 26,4% y que hay<strong> dos pacientes internados<\/strong> en Cuidados Generales y<strong> uno<\/strong> <strong>en la<\/strong> <strong>Unidad de Terapia Intensiva<\/strong> del Hospital Municipal \u00abDr. H\u00e9ctor Cura\u00bb.<\/p>\n","protected":false},"excerpt":{"rendered":"<p>Hay dos pacientes internados en Cuidados Generales y uno en la Unidad de Terapia Intensiva del Hospital Municipal Dr. H\u00e9ctor<\/p>\n","protected":false},"author":6,"featured_media":0,"comment_status":"closed","ping_status":"closed","sticky":false,"template":"","format":"standard","meta":{"_jetpack_memberships_contains_paid_content":false,"footnotes":""},"categories":[16,1],"tags":[],"class_list":["post-55739","post","type-post","status-publish","format-standard","hentry","category-covid-19","category-portada"],"jetpack_featured_media_url":"","jetpack_sharing_enabled":true,"_links":{"self":[{"href":"https:\/\/cdnoticias.com\/index.php\/wp-json\/wp\/v2\/posts\/55739","targetHints":{"allow":["GET"]}}],"collection":[{"href":"https:\/\/cdnoticias.com\/index.php\/wp-json\/wp\/v2\/posts"}],"about":[{"href":"https:\/\/cdnoticias.com\/index.php\/wp-json\/wp\/v2\/types\/post"}],"author":[{"embeddable":true,"href":"https:\/\/cdnoticias.com\/index.php\/wp-json\/wp\/v2\/users\/6"}],"replies":[{"embeddable":true,"href":"https:\/\/cdnoticias.com\/index.php\/wp-json\/wp\/v2\/comments?post=55739"}],"version-history":[{"count":0,"href":"https:\/\/cdnoticias.com\/index.php\/wp-json\/wp\/v2\/posts\/55739\/revisions"}],"wp:attachment":[{"href":"https:\/\/cdnoticias.com\/index.php\/wp-json\/wp\/v2\/media?parent=55739"}],"wp:term":[{"taxonomy":"category","embeddable":true,"href":"https:\/\/cdnoticias.com\/index.php\/wp-json\/wp\/v2\/categories?post=55739"},{"taxonomy":"post_tag","embeddable":true,"href":"https:\/\/cdnoticias.com\/index.php\/wp-json\/wp\/v2\/tags?post=55739"}],"curies":[{"name":"wp","href":"https:\/\/api.w.org\/{rel}","templated":true}]}}