{"id":55736,"date":"2022-05-27T18:29:24","date_gmt":"2022-05-27T21:29:24","guid":{"rendered":"https:\/\/www.centraldenoticias.com.ar\/?p=55736"},"modified":"2022-05-27T19:06:31","modified_gmt":"2022-05-27T22:06:31","slug":"riva-de-neira-la-justicia-nos-da-la-espalda-otra-vez","status":"publish","type":"post","link":"https:\/\/cdnoticias.com\/index.php\/2022\/05\/27\/riva-de-neira-la-justicia-nos-da-la-espalda-otra-vez\/","title":{"rendered":"Riva de Neira: &#8220;La justicia nos da la espalda otra vez&#8221;"},"content":{"rendered":"<p>El Frente Ni Una Menos se expres\u00f3 luego de que Lucas Kessler, \u00fanico acusado, quedara en libertad. &#8220;Es un fallo completamente repudiable y sin perspectiva de g\u00e9nero&#8221; indicaron. <!--more--><\/p>\n<hr \/>\n<p>Este jueves por la noche se dio a conocer que <strong>finaliz\u00f3 el juicio a Lucas Keesler<\/strong>, <strong>acusado por el asesinato de<\/strong> <strong>Luj\u00e1n Riva de Neira.<\/strong><\/p>\n<p>&nbsp;<\/p>\n<p>El <strong>jurado integrado por doce civiles<\/strong><a href=\"https:\/\/cdnoticias.com\/index.php\/2022\/05\/27\/riva-de-neira-en-juicio-por-jurado-declararon-no-culpable-al-unico-detenido\/\" target=\"_blank\" rel=\"noopener\"> dej\u00f3 el libertad al \u00fanico acusado el cual fue declarado no culpable.<\/a><\/p>\n<p>&nbsp;<\/p>\n<p><strong>Por ello, el Frente Ni Una Menos Olavarr\u00eda<\/strong> se pronunci\u00f3 sobre el caso a trav\u00e9s de su red social Facebook a trav\u00e9s de un posteo junto a un comunicado.<\/p>\n<p>&nbsp;<\/p>\n<p>&#8220;<strong>La justicia nos da la espalda otra vez o como otras tantas veces y nos llena de bronca.<\/strong> <strong>Por un fallo completamente repudiable y sin perspectiva de g\u00e9nero, el crimen de Mar\u00eda Luj\u00e1n Riva de Neira est\u00e1 impune y Lucas Kessler ser\u00e1 liberado.<\/strong> Doce personas integrantes de un jurado popular as\u00ed lo decidieron&#8221; se\u00f1alaron.<\/p>\n<p>&nbsp;<\/p>\n<p>Se remarcaron tres consignas:\u00a0 <strong>&#8220;Seguimos exigiendo por Luj\u00e1n&#8221;, &#8220;Rechazamos que la respuesta a su femicidio sea esta impunidad violenta<\/strong>&#8221; y &#8220;<strong>Exigimos una Reforma Judicial Feminista Ya&#8221;.\u00a0<\/strong><\/p>\n<p>&nbsp;<\/p>\n<p>&nbsp;<\/p>\n<p>&nbsp;<\/p>\n","protected":false},"excerpt":{"rendered":"<p>El Frente Ni Una Menos se expres\u00f3 luego de que Lucas Kessler, \u00fanico acusado, quedara en libertad. &#8220;Es un fallo<\/p>\n","protected":false},"author":6,"featured_media":23031,"comment_status":"closed","ping_status":"closed","sticky":false,"template":"","format":"standard","meta":{"_jetpack_memberships_contains_paid_content":false,"footnotes":""},"categories":[3,1],"tags":[],"class_list":["post-55736","post","type-post","status-publish","format-standard","has-post-thumbnail","hentry","category-genero","category-portada"],"jetpack_featured_media_url":"https:\/\/i0.wp.com\/cdnoticias.com\/wp-content\/uploads\/2021\/06\/DIB-ni-una-menos-696x391.jpg?fit=696%2C391&ssl=1","jetpack_sharing_enabled":true,"_links":{"self":[{"href":"https:\/\/cdnoticias.com\/index.php\/wp-json\/wp\/v2\/posts\/55736","targetHints":{"allow":["GET"]}}],"collection":[{"href":"https:\/\/cdnoticias.com\/index.php\/wp-json\/wp\/v2\/posts"}],"about":[{"href":"https:\/\/cdnoticias.com\/index.php\/wp-json\/wp\/v2\/types\/post"}],"author":[{"embeddable":true,"href":"https:\/\/cdnoticias.com\/index.php\/wp-json\/wp\/v2\/users\/6"}],"replies":[{"embeddable":true,"href":"https:\/\/cdnoticias.com\/index.php\/wp-json\/wp\/v2\/comments?post=55736"}],"version-history":[{"count":0,"href":"https:\/\/cdnoticias.com\/index.php\/wp-json\/wp\/v2\/posts\/55736\/revisions"}],"wp:featuredmedia":[{"embeddable":true,"href":"https:\/\/cdnoticias.com\/index.php\/wp-json\/wp\/v2\/media\/23031"}],"wp:attachment":[{"href":"https:\/\/cdnoticias.com\/index.php\/wp-json\/wp\/v2\/media?parent=55736"}],"wp:term":[{"taxonomy":"category","embeddable":true,"href":"https:\/\/cdnoticias.com\/index.php\/wp-json\/wp\/v2\/categories?post=55736"},{"taxonomy":"post_tag","embeddable":true,"href":"https:\/\/cdnoticias.com\/index.php\/wp-json\/wp\/v2\/tags?post=55736"}],"curies":[{"name":"wp","href":"https:\/\/api.w.org\/{rel}","templated":true}]}}