{"id":55705,"date":"2022-05-28T10:24:44","date_gmt":"2022-05-28T13:24:44","guid":{"rendered":"https:\/\/www.centraldenoticias.com.ar\/?p=55705"},"modified":"2022-05-28T10:24:44","modified_gmt":"2022-05-28T13:24:44","slug":"el-diputado-nacional-martin-tetaz-en-olavarria","status":"publish","type":"post","link":"https:\/\/cdnoticias.com\/index.php\/2022\/05\/28\/el-diputado-nacional-martin-tetaz-en-olavarria\/","title":{"rendered":"El diputado nacional Mart\u00edn Tetaz en Olavarr\u00eda"},"content":{"rendered":"<p>El tambi\u00e9n economista llegar\u00e1 el lunes para brindar una charla abierta al p\u00fablico. La actividad es organizada por la UCR de Olavarr\u00eda.<!--more--><\/p>\n<hr \/>\n<p><strong>El lunes estar\u00e1 en Olavarr\u00eda el diputado nacional Mart\u00edn Tetaz.<\/strong> El tambi\u00e9n economista adem\u00e1s de legislador por el radicalismo brindar\u00e1 <strong>una charla abierta al p\u00fablico desde las 19.30 en la C\u00e1mara Empresaria<\/strong>, en Espa\u00f1a y Belgrano.<\/p>\n<p>&nbsp;<\/p>\n<p><strong>Es una actividad organizada por la UCR de Olavarr\u00eda<\/strong>. <em>\u201cUna excelente oportunidad para debatir sobre el presente, y proyectar la construcci\u00f3n necesaria que se aproxima\u201d<\/em> se destac\u00f3 sobre el encuentro.<\/p>\n<p>&nbsp;<\/p>\n<p>Los interesados en participar deben inscribirse en <a href=\"https:\/\/bit.ly\/3lz8j6e\">https:\/\/bit.ly\/3lz8j6e<\/a><\/p>\n","protected":false},"excerpt":{"rendered":"<p>El tambi\u00e9n economista llegar\u00e1 el lunes para brindar una charla abierta al p\u00fablico. La actividad es organizada por la UCR<\/p>\n","protected":false},"author":4,"featured_media":55706,"comment_status":"closed","ping_status":"closed","sticky":false,"template":"","format":"standard","meta":{"_jetpack_memberships_contains_paid_content":false,"footnotes":""},"categories":[4,1],"tags":[],"class_list":["post-55705","post","type-post","status-publish","format-standard","has-post-thumbnail","hentry","category-politica","category-portada"],"jetpack_featured_media_url":"https:\/\/i0.wp.com\/cdnoticias.com\/wp-content\/uploads\/2022\/05\/martin-tetaz-UCR.jpg?fit=807%2C495&ssl=1","jetpack_sharing_enabled":true,"_links":{"self":[{"href":"https:\/\/cdnoticias.com\/index.php\/wp-json\/wp\/v2\/posts\/55705","targetHints":{"allow":["GET"]}}],"collection":[{"href":"https:\/\/cdnoticias.com\/index.php\/wp-json\/wp\/v2\/posts"}],"about":[{"href":"https:\/\/cdnoticias.com\/index.php\/wp-json\/wp\/v2\/types\/post"}],"author":[{"embeddable":true,"href":"https:\/\/cdnoticias.com\/index.php\/wp-json\/wp\/v2\/users\/4"}],"replies":[{"embeddable":true,"href":"https:\/\/cdnoticias.com\/index.php\/wp-json\/wp\/v2\/comments?post=55705"}],"version-history":[{"count":0,"href":"https:\/\/cdnoticias.com\/index.php\/wp-json\/wp\/v2\/posts\/55705\/revisions"}],"wp:featuredmedia":[{"embeddable":true,"href":"https:\/\/cdnoticias.com\/index.php\/wp-json\/wp\/v2\/media\/55706"}],"wp:attachment":[{"href":"https:\/\/cdnoticias.com\/index.php\/wp-json\/wp\/v2\/media?parent=55705"}],"wp:term":[{"taxonomy":"category","embeddable":true,"href":"https:\/\/cdnoticias.com\/index.php\/wp-json\/wp\/v2\/categories?post=55705"},{"taxonomy":"post_tag","embeddable":true,"href":"https:\/\/cdnoticias.com\/index.php\/wp-json\/wp\/v2\/tags?post=55705"}],"curies":[{"name":"wp","href":"https:\/\/api.w.org\/{rel}","templated":true}]}}