{"id":55695,"date":"2022-05-27T19:15:44","date_gmt":"2022-05-27T22:15:44","guid":{"rendered":"https:\/\/www.centraldenoticias.com.ar\/?p=55695"},"modified":"2022-05-27T19:21:34","modified_gmt":"2022-05-27T22:21:34","slug":"larreta-en-merlo-mejorar-la-seguridad-se-puede-con-un-plan-y-con-decision","status":"publish","type":"post","link":"https:\/\/cdnoticias.com\/index.php\/2022\/05\/27\/larreta-en-merlo-mejorar-la-seguridad-se-puede-con-un-plan-y-con-decision\/","title":{"rendered":"Larreta en Merlo: &#8220;Mejorar la seguridad se puede, con un plan y con decisi\u00f3n&#8221;"},"content":{"rendered":"<p>El mandatario de Juntos por el Cambio, y Jefe de Gobierno de la Ciudad de Buenos Aires tambi\u00e9n estuvo en la localidad bonaerense de Avellaneda.<!--more--><\/p>\n<hr \/>\n<p>Horacio Rodr\u00edguez Larreta recorri\u00f3 barrios, comercios y una f\u00e1brica, acompa\u00f1ado por el <strong>concejal Maximiliano Gallucci.<\/strong> Juntos visitaron, en Villa Dom\u00ednico, un taller mec\u00e1nico y una empresa familiar dedicada a la fabricaci\u00f3n de bolsones y contenedores.<\/p>\n<p>&nbsp;<\/p>\n<p>El Jefe de Gobierno de la Ciudad de Buenos Aires, <strong>Horacio Rodr\u00edguez Larreta, encabez\u00f3 una recorrida por Merlo,<\/strong> donde dialog\u00f3 con emprendedores y comerciantes. Tambi\u00e9n visit\u00f3 un instituto de formaci\u00f3n profesional y se reuni\u00f3 con concejales del interbloque Juntos. El mandatario estuvo acompa\u00f1ado por el concejal David Zencich.<\/p>\n<p>&nbsp;<\/p>\n<p>\u201cMejorar la seguridad parec\u00eda imposible. En la Ciudad de Buenos Aires lo hicimos: tenemos la tasa de delitos m\u00e1s baja de la historia. \u00bfQu\u00e9 quiere decir eso? Que se puede si hay un plan y decisi\u00f3n pol\u00edtica. El poder es poder hacer, poder transformar la realidad para el bien de la gente. Es mejorar la seguridad, es generar laburo, mejorar la educaci\u00f3n, la salud para todos\u201d fue el mensaje de Rodr\u00edguez Larreta en di\u00e1logo con comerciantes, preocupados por la situaci\u00f3n en la provincia.<\/p>\n<p>&nbsp;<\/p>\n<p><img data-recalc-dims=\"1\" loading=\"lazy\" decoding=\"async\" class=\"aligncenter size-full wp-image-55697\" src=\"https:\/\/i0.wp.com\/cdnoticias.com\/wp-content\/uploads\/2022\/05\/larreta-2.jpg?resize=800%2C510&#038;ssl=1\" alt=\"\" width=\"800\" height=\"510\" srcset=\"https:\/\/i0.wp.com\/cdnoticias.com\/wp-content\/uploads\/2022\/05\/larreta-2.jpg?w=1480&amp;ssl=1 1480w, https:\/\/i0.wp.com\/cdnoticias.com\/wp-content\/uploads\/2022\/05\/larreta-2.jpg?resize=300%2C191&amp;ssl=1 300w, https:\/\/i0.wp.com\/cdnoticias.com\/wp-content\/uploads\/2022\/05\/larreta-2.jpg?resize=1024%2C653&amp;ssl=1 1024w, https:\/\/i0.wp.com\/cdnoticias.com\/wp-content\/uploads\/2022\/05\/larreta-2.jpg?resize=768%2C490&amp;ssl=1 768w\" sizes=\"auto, (max-width: 800px) 100vw, 800px\" \/><\/p>\n<p>&nbsp;<\/p>\n<p>Con el eje puesto en la <strong>importancia de la educaci\u00f3n y la formaci\u00f3n<\/strong>, Rodr\u00edguez Larreta y el concejal Zencich, de \u2018Juntos\u2019, recorrieron hoy las instalaciones del instituto Agustina Bermejo que funciona desde 1985 en la formaci\u00f3n profesional y de niveles Medio y Superior y en carreras como enfermer\u00eda, radiolog\u00eda, instrumentaci\u00f3n quir\u00fargica, entre otras.<\/p>\n<p>&nbsp;<\/p>\n<p>M\u00e1s tarde <strong>se reunieron con siete j\u00f3venes emprendedores oriundos de Merlo<\/strong> y visitaron el local de indumentaria \u201cEli Amores\u201d en la Galer\u00eda Noguera, para hablar con su due\u00f1a quien empez\u00f3 vendiendo indumentaria durante la pandemia a trav\u00e9s de las redes sociales y hoy ya tiene dos locales.<\/p>\n<p>&nbsp;<\/p>\n<p>Finalmente hicieron una reuni\u00f3n de trabajo para hablar de<strong> seguridad, educaci\u00f3n y trabajo,<\/strong> con los concejales locales: Sonia Lescano, Pablo Clonaris, Pablo Cocuzza, Laura Huguetti, Eduardo Varela y Gabriela Zapata.<\/p>\n","protected":false},"excerpt":{"rendered":"<p>El mandatario de Juntos por el Cambio, y Jefe de Gobierno de la Ciudad de Buenos Aires tambi\u00e9n estuvo en<\/p>\n","protected":false},"author":5,"featured_media":55696,"comment_status":"closed","ping_status":"closed","sticky":false,"template":"","format":"standard","meta":{"_jetpack_memberships_contains_paid_content":false,"footnotes":""},"categories":[6],"tags":[],"class_list":["post-55695","post","type-post","status-publish","format-standard","has-post-thumbnail","hentry","category-nacionales"],"jetpack_featured_media_url":"https:\/\/i0.wp.com\/cdnoticias.com\/wp-content\/uploads\/2022\/05\/larreta-1.jpg?fit=1100%2C735&ssl=1","jetpack_sharing_enabled":true,"_links":{"self":[{"href":"https:\/\/cdnoticias.com\/index.php\/wp-json\/wp\/v2\/posts\/55695","targetHints":{"allow":["GET"]}}],"collection":[{"href":"https:\/\/cdnoticias.com\/index.php\/wp-json\/wp\/v2\/posts"}],"about":[{"href":"https:\/\/cdnoticias.com\/index.php\/wp-json\/wp\/v2\/types\/post"}],"author":[{"embeddable":true,"href":"https:\/\/cdnoticias.com\/index.php\/wp-json\/wp\/v2\/users\/5"}],"replies":[{"embeddable":true,"href":"https:\/\/cdnoticias.com\/index.php\/wp-json\/wp\/v2\/comments?post=55695"}],"version-history":[{"count":0,"href":"https:\/\/cdnoticias.com\/index.php\/wp-json\/wp\/v2\/posts\/55695\/revisions"}],"wp:featuredmedia":[{"embeddable":true,"href":"https:\/\/cdnoticias.com\/index.php\/wp-json\/wp\/v2\/media\/55696"}],"wp:attachment":[{"href":"https:\/\/cdnoticias.com\/index.php\/wp-json\/wp\/v2\/media?parent=55695"}],"wp:term":[{"taxonomy":"category","embeddable":true,"href":"https:\/\/cdnoticias.com\/index.php\/wp-json\/wp\/v2\/categories?post=55695"},{"taxonomy":"post_tag","embeddable":true,"href":"https:\/\/cdnoticias.com\/index.php\/wp-json\/wp\/v2\/tags?post=55695"}],"curies":[{"name":"wp","href":"https:\/\/api.w.org\/{rel}","templated":true}]}}