{"id":55656,"date":"2022-05-26T18:00:55","date_gmt":"2022-05-26T21:00:55","guid":{"rendered":"https:\/\/www.centraldenoticias.com.ar\/?p=55656"},"modified":"2022-05-26T18:00:55","modified_gmt":"2022-05-26T21:00:55","slug":"argentina-fue-el-pais-de-la-region-que-mejor-gestiono-la-pandemia-de-coronavirus-segun-la-oms","status":"publish","type":"post","link":"https:\/\/cdnoticias.com\/index.php\/2022\/05\/26\/argentina-fue-el-pais-de-la-region-que-mejor-gestiono-la-pandemia-de-coronavirus-segun-la-oms\/","title":{"rendered":"Argentina fue el pa\u00eds de la regi\u00f3n que mejor gestion\u00f3 la pandemia de coronavirus seg\u00fan la OMS"},"content":{"rendered":"<p>Los datos surgen del informe sobre exceso de mortalidad realizado por la Organizaci\u00f3n Mundial de la Salud.<!--more--><\/p>\n<hr \/>\n<p>&nbsp;<\/p>\n<p><strong>Argentina obtuvo la mejor performance de la regi\u00f3n en cuanto a la gesti\u00f3n de la pandemia de coronavirus,<\/strong> seg\u00fan el <strong>\u00faltimo informe de la Organizaci\u00f3n Mundial de la Salud (OMS),<\/strong> que midi\u00f3 el crecimiento de la tasa de mortalidad en cada uno de los pa\u00edses afectados por la Covid-19, entre enero del 2020 y el 31 de diciembre del 2021.<\/p>\n<p>&nbsp;<\/p>\n<p>Ese desempe\u00f1o sanitario fue resaltado por el Gobierno, que puso de relieve que <strong>Argentina fue comparada con varios pa\u00edses que contaban con sus propias vacunas, con sistemas de salud fuertes y mayores presupuestos en los momentos m\u00e1s cr\u00edticos de la pandemia.<\/strong><\/p>\n<p>&nbsp;<\/p>\n<p>\u201cEl informe indica que la <strong>Argentina<\/strong> tuvo una de las mejores performances,<strong> la mejor sin duda de la regi\u00f3n<\/strong>, si se toma en cuenta los pa\u00edses de renta media. Eso nos ubica en <strong>cifras iguales a los pa\u00edses de renta alta, como es el caso de Inglaterra, Francia y Espa\u00f1a, e incluso mejor que la performance que tuvo Estados Unidos<\/strong>\u201d, declar\u00f3 la portavoz presidencial Gabriela Cerruti.<\/p>\n<p>&nbsp;<\/p>\n<p>Se refiri\u00f3 as\u00ed al informe publicado semanas atr\u00e1s por la OMS, en el que cifr\u00f3 en 14,9 millones las muertes directas o indirectas asociadas a la Covid-19 entre el 1\u00ba de enero de 2020 y el 31 de diciembre de 2021, es decir cerca del triple de lo calculado hasta el momento.<\/p>\n<p>&nbsp;<\/p>\n<p>Desde el inicio de la pandemia, que sigue causando contagios y muertes diariamente, la OMS alert\u00f3 que las cifras oficiales estaban lejos de ser reales ya que no ten\u00edan en cuenta los fallecimientos por Covid-19 que no fueron reportados como tales. Tampoco consideraba los causados por otras enfermedades que no pudieron ser atendidas por la sobrecarga hospitalaria ante el virus, que en su momento m\u00e1s agudo llev\u00f3 a retrasar procedimientos quir\u00fargicos o posponer sesiones de quimioterapia para los enfermos de c\u00e1ncer.<\/p>\n<p>&nbsp;<\/p>\n<p>A esto se lo llama \u201cexceso de mortalidad\u201d y la OMS lo calcul\u00f3 haciendo la diferencia entre el n\u00famero de muertes reales en ese periodo y el n\u00famero de decesos considerado normal, basado en estad\u00edsticas existentes.<\/p>\n<p>&nbsp;<\/p>\n<p>En su informe, la OMS declar\u00f3 que la mayor\u00eda de las muertes excedentes (84%) estaban concentradas en el sudeste asi\u00e1tico, Europa y las Am\u00e9ricas y solamente unos diez pa\u00edses representaban el 68% del total de esta sobremortalidad.<\/p>\n<p>&nbsp;<\/p>\n<p>Estas naciones son <strong>Brasil, Egipto, India, Indonesia, M\u00e9xico, Per\u00fa, Rusia, Sud\u00e1frica, Turqu\u00eda y Estados Unidos<\/strong>, en general <strong>pa\u00edses con grandes poblaciones y fuertemente golpeados por el coronavirus.<\/strong><\/p>\n<p>&nbsp;<\/p>\n<p>Incluso, detall\u00f3 que si se extend\u00eda el an\u00e1lisis a 20 pa\u00edses -que representan m\u00e1s del 80% del exceso de mortalidad mundial- figurar\u00edan (adem\u00e1s de los diez antes mencionados) Alemania, Colombia, Filipinas, Ir\u00e1n, Italia, Nigeria, Pakist\u00e1n, Polonia, Reino Unido y Ucrania.<\/p>\n<p>&nbsp;<\/p>\n<p><strong>El virus sigue circulando<\/strong><\/p>\n<p>&nbsp;<\/p>\n<p>Con todo,<strong> en la Argentina,<\/strong> al igual que en varios pa\u00edses del mundo, <strong>los contagios de coronavirus aumentaron en las \u00faltimas semanas<\/strong>, aunque a un ritmo menor, y, al mismo tiempo, las internaciones en terapia y el n\u00famero de personas fallecidas dejaron de disminuir, seg\u00fan especialistas consultados.<\/p>\n<p>&nbsp;<\/p>\n<p>El <strong>Ministerio de Salud admiti\u00f3 que existe un aumento \u201cmuy importante de casos\u201d,<\/strong> pero aclar\u00f3 que se trata de \u201c<strong>una situaci\u00f3n totalmente distinta\u201d<\/strong> a la del 2020 o 2021 por la amplia cobertura de la vacunaci\u00f3n.<\/p>\n<p>&nbsp;<\/p>\n<p>El domingo pasado el<strong> Ministerio de Salud report\u00f3 49 muertes por coronavirus y 43.487 contagios en la \u00faltima semana en la Argentina,<\/strong> lo que representa un 27,9% m\u00e1s de casos que la semana anterior (33.989).<\/p>\n<p>&nbsp;<\/p>\n<p>De esta manera, suman 128.825 los fallecidos registrados oficialmente a nivel nacional y 9.178.795 los contagiados desde el inicio de la pandemia.<\/p>\n<p>&nbsp;<\/p>\n<p>La recomendaci\u00f3n sigue siendo<strong> completar los esquemas de vacunaci\u00f3n con los refuerzos y mantener cuidados,<\/strong> como el uso de barbijo en lugares cerrados y concurridos.<\/p>\n<p>&nbsp;<\/p>\n<p><em>Fuente: DIB<\/em><\/p>\n","protected":false},"excerpt":{"rendered":"<p>Los datos surgen del informe sobre exceso de mortalidad realizado por la Organizaci\u00f3n Mundial de la Salud.<\/p>\n","protected":false},"author":6,"featured_media":55657,"comment_status":"closed","ping_status":"closed","sticky":false,"template":"","format":"standard","meta":{"_jetpack_memberships_contains_paid_content":false,"footnotes":""},"categories":[6,1],"tags":[],"class_list":["post-55656","post","type-post","status-publish","format-standard","has-post-thumbnail","hentry","category-nacionales","category-portada"],"jetpack_featured_media_url":"https:\/\/i0.wp.com\/cdnoticias.com\/wp-content\/uploads\/2022\/05\/Aerolineas-avion-vacunas.jpg?fit=1312%2C860&ssl=1","jetpack_sharing_enabled":true,"_links":{"self":[{"href":"https:\/\/cdnoticias.com\/index.php\/wp-json\/wp\/v2\/posts\/55656","targetHints":{"allow":["GET"]}}],"collection":[{"href":"https:\/\/cdnoticias.com\/index.php\/wp-json\/wp\/v2\/posts"}],"about":[{"href":"https:\/\/cdnoticias.com\/index.php\/wp-json\/wp\/v2\/types\/post"}],"author":[{"embeddable":true,"href":"https:\/\/cdnoticias.com\/index.php\/wp-json\/wp\/v2\/users\/6"}],"replies":[{"embeddable":true,"href":"https:\/\/cdnoticias.com\/index.php\/wp-json\/wp\/v2\/comments?post=55656"}],"version-history":[{"count":0,"href":"https:\/\/cdnoticias.com\/index.php\/wp-json\/wp\/v2\/posts\/55656\/revisions"}],"wp:featuredmedia":[{"embeddable":true,"href":"https:\/\/cdnoticias.com\/index.php\/wp-json\/wp\/v2\/media\/55657"}],"wp:attachment":[{"href":"https:\/\/cdnoticias.com\/index.php\/wp-json\/wp\/v2\/media?parent=55656"}],"wp:term":[{"taxonomy":"category","embeddable":true,"href":"https:\/\/cdnoticias.com\/index.php\/wp-json\/wp\/v2\/categories?post=55656"},{"taxonomy":"post_tag","embeddable":true,"href":"https:\/\/cdnoticias.com\/index.php\/wp-json\/wp\/v2\/tags?post=55656"}],"curies":[{"name":"wp","href":"https:\/\/api.w.org\/{rel}","templated":true}]}}