{"id":55626,"date":"2022-05-26T15:36:36","date_gmt":"2022-05-26T18:36:36","guid":{"rendered":"https:\/\/www.centraldenoticias.com.ar\/?p=55626"},"modified":"2022-05-27T07:57:59","modified_gmt":"2022-05-27T10:57:59","slug":"decidimos-trabajar-en-soluciones-concretas-no-en-parches-provisorios","status":"publish","type":"post","link":"https:\/\/cdnoticias.com\/index.php\/2022\/05\/26\/decidimos-trabajar-en-soluciones-concretas-no-en-parches-provisorios\/","title":{"rendered":"\u201cDecidimos trabajar en soluciones concretas, no en parches provisorios\u201d"},"content":{"rendered":"<p>Lo afirm\u00f3 el Intendente en el marco de la repavimentaci\u00f3n de un tramo de avenida Eva Per\u00f3n. Adem\u00e1s, anunci\u00f3 el inicio inminente de la repavimentaci\u00f3n de Avellaneda entre Circunvalaci\u00f3n hacia Ruta 51.<!--more--><\/p>\n<hr \/>\n<p>El intendente Ezequiel Galli inaugur\u00f3 la <strong>repavimentaci\u00f3n de avenida Eva Per\u00f3n, de avenida Del Valle hasta avenida Pueyrred\u00f3n<\/strong>, una obra fundamental para mejorar la seguridad vial en uno de los accesos m\u00e1s importantes a la planta urbana de la ciudad.<\/p>\n<p>&nbsp;<\/p>\n<p>\u201cEs una ma\u00f1ana importante donde estamos inaugurando una <strong>obra fundamental para el tr\u00e1nsito de los vecinos de todo el partido de Olavarr\u00eda<\/strong>, porque por esta avenida transita gente que viene de las localidades, transita gente que vive en esta zona de la ciudad, gente que se dirige a los Parques Industriales o para venir al Centro de Exposiciones Municipal\u201d, indic\u00f3 Galli.<\/p>\n<p>&nbsp;<\/p>\n<p>\u201cCuando ven\u00eda para ac\u00e1 me acordaba que hace unos cuantos a\u00f1os atr\u00e1s, ya se hac\u00eda bacheo provisorio y no se hac\u00eda algo definitivo. Cuando me toc\u00f3 asumir empezamos a analizar las distintas arterias de la ciudad que ten\u00edan este problema de tener mucho bache. Cuando se hac\u00eda el <em>rapibach<\/em>, con la primera lluvia y el tr\u00e1nsito de los camiones ya iba desapareciendo de a poco\u201d, relat\u00f3 y agreg\u00f3: \u201c<strong>empezamos a trabajar primero en la repavimentaci\u00f3n de avenida Ituzaing\u00f3 y hacer un hormig\u00f3n como corresponde<\/strong>, que resista el tr\u00e1nsito pesado, despu\u00e9s fuimos por avenida Alberdi donde tambi\u00e9n hicimos la repavimentaci\u00f3n, luego avenida Pueyrred\u00f3n que une con avenida La Rioja y esta con avenida Circunvalaci\u00f3n\u201d.<\/p>\n<p>&nbsp;<\/p>\n<p>Al mismo tiempo Galli adelant\u00f3 que \u201cpr\u00f3ximamente ya estamos por iniciar la<strong> repavimentaci\u00f3n de avenida Avellaneda, desde avenida Circunvalaci\u00f3n hacia la Ruta 51.<\/strong> En esta primera etapa se va realizar una bicisenda que va a estar separada del camino y que va a estar hecho con hormig\u00f3n como corresponde para que el tr\u00e1nsito pesado pueda circular sin tener que poner un limitador de altura como hubo en alg\u00fan momento\u201d. <a href=\"https:\/\/cdnoticias.com\/index.php\/2022\/05\/16\/mas-de-85-millones-para-repavimentar-un-tramo-de-avellaneda-tendra-bicisenda\/\" target=\"_blank\" rel=\"noopener\">Cabe se\u00f1alar que es la obra que sali\u00f3 a licitaci\u00f3n d\u00edas pasados<\/a>.<\/p>\n<p>&nbsp;<\/p>\n<p><img data-recalc-dims=\"1\" loading=\"lazy\" decoding=\"async\" class=\"aligncenter size-full wp-image-55627\" src=\"https:\/\/i0.wp.com\/cdnoticias.com\/wp-content\/uploads\/2022\/05\/Obras-Repavimentacion-Eva-Peron-1-scaled-1.jpg?resize=800%2C426&#038;ssl=1\" alt=\"\" width=\"800\" height=\"426\" srcset=\"https:\/\/i0.wp.com\/cdnoticias.com\/wp-content\/uploads\/2022\/05\/Obras-Repavimentacion-Eva-Peron-1-scaled-1.jpg?w=2400&amp;ssl=1 2400w, https:\/\/i0.wp.com\/cdnoticias.com\/wp-content\/uploads\/2022\/05\/Obras-Repavimentacion-Eva-Peron-1-scaled-1.jpg?resize=300%2C160&amp;ssl=1 300w, https:\/\/i0.wp.com\/cdnoticias.com\/wp-content\/uploads\/2022\/05\/Obras-Repavimentacion-Eva-Peron-1-scaled-1.jpg?resize=1024%2C546&amp;ssl=1 1024w, https:\/\/i0.wp.com\/cdnoticias.com\/wp-content\/uploads\/2022\/05\/Obras-Repavimentacion-Eva-Peron-1-scaled-1.jpg?resize=768%2C409&amp;ssl=1 768w, https:\/\/i0.wp.com\/cdnoticias.com\/wp-content\/uploads\/2022\/05\/Obras-Repavimentacion-Eva-Peron-1-scaled-1.jpg?resize=1536%2C819&amp;ssl=1 1536w, https:\/\/i0.wp.com\/cdnoticias.com\/wp-content\/uploads\/2022\/05\/Obras-Repavimentacion-Eva-Peron-1-scaled-1.jpg?resize=2048%2C1091&amp;ssl=1 2048w, https:\/\/i0.wp.com\/cdnoticias.com\/wp-content\/uploads\/2022\/05\/Obras-Repavimentacion-Eva-Peron-1-scaled-1.jpg?w=1600&amp;ssl=1 1600w\" sizes=\"auto, (max-width: 800px) 100vw, 800px\" \/><\/p>\n<p>&nbsp;<\/p>\n<p>\u201cSon <strong>soluciones definitivas<\/strong> porque este hormig\u00f3n que estamos inaugurando hoy que sale de una ley de di\u00e1logo entre el gobierno nacional y el gobierno provincial y la oposici\u00f3n, es un pavimento que va a durar por lo menos 30-40 a\u00f1os\u201d resalt\u00f3.<\/p>\n<p>&nbsp;<\/p>\n<blockquote><p>\u201cDecidimos trabajar en soluciones concretas, no en hacer parches provisorios. Es pensar a futuro en soluciones concretas que excedan a mi gesti\u00f3n y que excedan a los pr\u00f3ximos intendentes\u201d, concluy\u00f3.<\/p><\/blockquote>\n<p>&nbsp;<\/p>\n<p>Cabe recordar que la obra se inici\u00f3 en el mes de<strong> noviembre de 2021<\/strong> y estuvo a cargo de la firma Atak S.R.L., que result\u00f3 adjudicataria de la licitaci\u00f3n por un <strong>monto superior los 30 millones de pesos.<\/strong><\/p>\n<p>&nbsp;<\/p>\n<p>En detalle, los trabajos comprendieron la pavimentaci\u00f3n de la calzada que tiene un ancho de 7,30 metros, para lo cual se utiliz\u00f3 un hormig\u00f3n tipo H30 con un espesor de 0,18 metros. La base es de tosca compactada con un espesor de 0,20 metros. En tanto que en la rotonda de Avda. Eva Per\u00f3n y Avda. Pueyrred\u00f3n el ancho de la calzada es de 8 metros.<\/p>\n","protected":false},"excerpt":{"rendered":"<p>Lo afirm\u00f3 el Intendente en el marco de la repavimentaci\u00f3n de un tramo de avenida Eva Per\u00f3n. Adem\u00e1s, anunci\u00f3 el<\/p>\n","protected":false},"author":5,"featured_media":55628,"comment_status":"closed","ping_status":"closed","sticky":false,"template":"","format":"standard","meta":{"_jetpack_memberships_contains_paid_content":false,"footnotes":""},"categories":[5,1],"tags":[],"class_list":["post-55626","post","type-post","status-publish","format-standard","has-post-thumbnail","hentry","category-informacion-general","category-portada"],"jetpack_featured_media_url":"https:\/\/i0.wp.com\/cdnoticias.com\/wp-content\/uploads\/2022\/05\/Obras-Repavimentacion-Eva-Peron-2-scaled-1.jpg?fit=2216%2C1583&ssl=1","jetpack_sharing_enabled":true,"_links":{"self":[{"href":"https:\/\/cdnoticias.com\/index.php\/wp-json\/wp\/v2\/posts\/55626","targetHints":{"allow":["GET"]}}],"collection":[{"href":"https:\/\/cdnoticias.com\/index.php\/wp-json\/wp\/v2\/posts"}],"about":[{"href":"https:\/\/cdnoticias.com\/index.php\/wp-json\/wp\/v2\/types\/post"}],"author":[{"embeddable":true,"href":"https:\/\/cdnoticias.com\/index.php\/wp-json\/wp\/v2\/users\/5"}],"replies":[{"embeddable":true,"href":"https:\/\/cdnoticias.com\/index.php\/wp-json\/wp\/v2\/comments?post=55626"}],"version-history":[{"count":0,"href":"https:\/\/cdnoticias.com\/index.php\/wp-json\/wp\/v2\/posts\/55626\/revisions"}],"wp:featuredmedia":[{"embeddable":true,"href":"https:\/\/cdnoticias.com\/index.php\/wp-json\/wp\/v2\/media\/55628"}],"wp:attachment":[{"href":"https:\/\/cdnoticias.com\/index.php\/wp-json\/wp\/v2\/media?parent=55626"}],"wp:term":[{"taxonomy":"category","embeddable":true,"href":"https:\/\/cdnoticias.com\/index.php\/wp-json\/wp\/v2\/categories?post=55626"},{"taxonomy":"post_tag","embeddable":true,"href":"https:\/\/cdnoticias.com\/index.php\/wp-json\/wp\/v2\/tags?post=55626"}],"curies":[{"name":"wp","href":"https:\/\/api.w.org\/{rel}","templated":true}]}}