{"id":55598,"date":"2022-05-26T11:12:42","date_gmt":"2022-05-26T14:12:42","guid":{"rendered":"https:\/\/www.centraldenoticias.com.ar\/?p=55598"},"modified":"2022-05-26T11:31:28","modified_gmt":"2022-05-26T14:31:28","slug":"javier-frias-la-responsable-de-la-firma-es-mi-hermana","status":"publish","type":"post","link":"https:\/\/cdnoticias.com\/index.php\/2022\/05\/26\/javier-frias-la-responsable-de-la-firma-es-mi-hermana\/","title":{"rendered":"Javier Fr\u00edas: \u201cla responsable de la Firma es mi hermana\u201d"},"content":{"rendered":"<p>As\u00ed lo expres\u00f3 el concejal luego de la denuncia por \u201cincompatibilidad\u201d con el cumplimiento de su cargo y su condici\u00f3n de proveedor. Por mayor\u00eda se resolvi\u00f3 que Fr\u00edas deber\u00e1 abstenerse de votar hasta que se resuelva su situaci\u00f3n. <!--more--><\/p>\n<hr \/>\n<p>El interbloque Frente de Todos denunci\u00f3 la <a href=\"https:\/\/cdnoticias.com\/index.php\/2022\/05\/26\/accidentado-inicio-de-la-sesion-especial-del-hcd-el-frente-de-todos-pidio-la-cesantia-de-javier-frias\/\" target=\"_blank\" rel=\"noopener\">\u201cincompatibilidad\u201d del concejal Javier Fr\u00edas de Juntos con el cumplimiento de ese cargo<\/a> y su condici\u00f3n de proveedor, y pidi\u00f3 la <strong>cesant\u00eda en la banca.<\/strong><\/p>\n<p>&nbsp;<\/p>\n<p>Luego de un cuarto intermedio, la sesi\u00f3n se retom\u00f3 y fue el propio <strong>Javier Fr\u00edas quien solicit\u00f3 la palabra.<\/strong> Se\u00f1al\u00f3 que \u201cla firma \u2018Panader\u00eda La Dulzura\u2019 lleva 17 a\u00f1os de trayectoria y fue fundada por mi padre. Debe hacer alrededor de 15 a\u00f1os que es proveedor del municipio\u201d.<\/p>\n<p>&nbsp;<\/p>\n<p>Indic\u00f3 que tras la muerte de su padre <strong>\u201cla firma es Sucesores Servando Alberto Fr\u00edas. El 50 por ciento es de mi madre y el otro se divide en sus tres hijos. Yo soy una parte. La responsable de la firma es mi hermana Mar\u00eda Cecilia Fr\u00edas, es la que lleva adelante la panader\u00eda\u201d.<\/strong><\/p>\n<p>&nbsp;<\/p>\n<blockquote><p>Fr\u00edas expres\u00f3 que \u201cme duele mucho la situaci\u00f3n que tengo que estar pasando. Lo perd\u00ed a mi padre en gran parte por el retraso que hubo en la vacunaci\u00f3n. Le agarr\u00f3 Covid y todav\u00eda and\u00e1bamos dando vueltas con la vacuna, mientras tanto los se\u00f1ores se vacunaban en forma VIP\u201d.<\/p><\/blockquote>\n<p>&nbsp;<\/p>\n<p>Y continu\u00f3: \u201cal margen de eso, si el problema soy yo, <strong>voy a pedir de abstenerme al momento de tratar el tema<\/strong>\u201d en referencia al tratamiento de la Rendici\u00f3n de Cuentas.<\/p>\n<p>&nbsp;<\/p>\n<p><strong>La moci\u00f3n de abstenci\u00f3n fue aprobada por mayor\u00eda<\/strong> con la negativa del interbloque Frente de Todos y del bloque Ahora Olavarr\u00eda.<\/p>\n<p>&nbsp;<\/p>\n<p>En tanto, <strong>la moci\u00f3n de cesant\u00eda planteada por el interbloque Frente de Todos fue rechazada<\/strong>\u00a0por el voto negativo del bloque Juntos y del bloque UCR-Juntos.<\/p>\n","protected":false},"excerpt":{"rendered":"<p>As\u00ed lo expres\u00f3 el concejal luego de la denuncia por \u201cincompatibilidad\u201d con el cumplimiento de su cargo y su condici\u00f3n<\/p>\n","protected":false},"author":5,"featured_media":53007,"comment_status":"closed","ping_status":"closed","sticky":false,"template":"","format":"standard","meta":{"_jetpack_memberships_contains_paid_content":false,"footnotes":""},"categories":[4,1],"tags":[],"class_list":["post-55598","post","type-post","status-publish","format-standard","has-post-thumbnail","hentry","category-politica","category-portada"],"jetpack_featured_media_url":"https:\/\/i0.wp.com\/cdnoticias.com\/wp-content\/uploads\/2022\/04\/HCD-frias.jpg?fit=800%2C445&ssl=1","jetpack_sharing_enabled":true,"_links":{"self":[{"href":"https:\/\/cdnoticias.com\/index.php\/wp-json\/wp\/v2\/posts\/55598","targetHints":{"allow":["GET"]}}],"collection":[{"href":"https:\/\/cdnoticias.com\/index.php\/wp-json\/wp\/v2\/posts"}],"about":[{"href":"https:\/\/cdnoticias.com\/index.php\/wp-json\/wp\/v2\/types\/post"}],"author":[{"embeddable":true,"href":"https:\/\/cdnoticias.com\/index.php\/wp-json\/wp\/v2\/users\/5"}],"replies":[{"embeddable":true,"href":"https:\/\/cdnoticias.com\/index.php\/wp-json\/wp\/v2\/comments?post=55598"}],"version-history":[{"count":0,"href":"https:\/\/cdnoticias.com\/index.php\/wp-json\/wp\/v2\/posts\/55598\/revisions"}],"wp:featuredmedia":[{"embeddable":true,"href":"https:\/\/cdnoticias.com\/index.php\/wp-json\/wp\/v2\/media\/53007"}],"wp:attachment":[{"href":"https:\/\/cdnoticias.com\/index.php\/wp-json\/wp\/v2\/media?parent=55598"}],"wp:term":[{"taxonomy":"category","embeddable":true,"href":"https:\/\/cdnoticias.com\/index.php\/wp-json\/wp\/v2\/categories?post=55598"},{"taxonomy":"post_tag","embeddable":true,"href":"https:\/\/cdnoticias.com\/index.php\/wp-json\/wp\/v2\/tags?post=55598"}],"curies":[{"name":"wp","href":"https:\/\/api.w.org\/{rel}","templated":true}]}}