{"id":55588,"date":"2022-05-26T10:32:23","date_gmt":"2022-05-26T13:32:23","guid":{"rendered":"https:\/\/www.centraldenoticias.com.ar\/?p=55588"},"modified":"2022-05-27T07:45:05","modified_gmt":"2022-05-27T10:45:05","slug":"accidentado-inicio-de-la-sesion-especial-del-hcd-el-frente-de-todos-pidio-la-cesantia-de-javier-frias","status":"publish","type":"post","link":"https:\/\/cdnoticias.com\/index.php\/2022\/05\/26\/accidentado-inicio-de-la-sesion-especial-del-hcd-el-frente-de-todos-pidio-la-cesantia-de-javier-frias\/","title":{"rendered":"Accidentado inicio de la sesi\u00f3n especial del HCD: el Frente de Todos pidi\u00f3 la cesant\u00eda de Javier \u00a0Fr\u00edas"},"content":{"rendered":"<p>Es por &#8220;inhabilidad&#8221; e \u201cincompatibilidad\u201d. El concejal Juan S\u00e1nchez adelant\u00f3 que iba a exponer \u201cuna grave denuncia\u201d, pero un problema t\u00e9cnico interrumpi\u00f3 la transmisi\u00f3n y deriv\u00f3 en la suspensi\u00f3n moment\u00e1nea de la sesi\u00f3n.<!--more--><\/p>\n<hr \/>\n<p><strong>El interbloque Frente de Todos denunci\u00f3 la &#8220;inhabilidad&#8221; e \u201cincompatibilidad\u201d del concejal Javier Fr\u00edas de Juntos con el cumplimiento de ese cargo y su condici\u00f3n de proveedor<\/strong>. Pidi\u00f3 la cesant\u00eda en la banca.<\/p>\n<p>&nbsp;<\/p>\n<p>Pocos minutos despu\u00e9s de las 9 <a href=\"https:\/\/cdnoticias.com\/index.php\/2022\/05\/26\/hcd-trataran-la-rendicion-de-cuentas-2021-y-habra-sesion-ordinaria\/\" target=\"_blank\" rel=\"noopener\">dio inicio la sesi\u00f3n especial en la que los concejales debaten la Rendici\u00f3n de Cuentas 2021<\/a>. Sin embargo, el comienzo fue accidentado y deriv\u00f3 en la suspensi\u00f3n moment\u00e1nea.<\/p>\n<p>&nbsp;<\/p>\n<p><img data-recalc-dims=\"1\" loading=\"lazy\" decoding=\"async\" class=\"size-large wp-image-53004 aligncenter\" src=\"https:\/\/i0.wp.com\/cdnoticias.com\/wp-content\/uploads\/2022\/04\/javier-frias.png?resize=800%2C435&#038;ssl=1\" alt=\"\" width=\"800\" height=\"435\" srcset=\"https:\/\/i0.wp.com\/cdnoticias.com\/wp-content\/uploads\/2022\/04\/javier-frias.png?resize=1024%2C557&amp;ssl=1 1024w, https:\/\/i0.wp.com\/cdnoticias.com\/wp-content\/uploads\/2022\/04\/javier-frias.png?resize=300%2C163&amp;ssl=1 300w, https:\/\/i0.wp.com\/cdnoticias.com\/wp-content\/uploads\/2022\/04\/javier-frias.png?resize=768%2C418&amp;ssl=1 768w, https:\/\/i0.wp.com\/cdnoticias.com\/wp-content\/uploads\/2022\/04\/javier-frias.png?w=1152&amp;ssl=1 1152w\" sizes=\"auto, (max-width: 800px) 100vw, 800px\" \/><\/p>\n<p>&nbsp;<\/p>\n<p><strong>El primero en tomar la palabra fue Juan S\u00e1nchez, del interbloque Frente de Todos<\/strong>. Result\u00f3 llamativa esta intervenci\u00f3n ya que habitualmente el inicio corresponde al oficialismo.<\/p>\n<p>&nbsp;<\/p>\n<p>S\u00e1nchez lo hizo notar y afirm\u00f3 que iba a <strong>exponer \u201cuna grave denuncia\u201d del orden \u201cinstitucional\u201d y que constituye \u201cun hecho de corrupci\u00f3n\u201d<\/strong>. Tras un corte por un problema t\u00e9cnico retom\u00f3 su discurso y<strong> expuso que Javier Fr\u00edas es parte de una sucesi\u00f3n la cual est\u00e1 inscripta en el Municipio como \u201cproveedor 2174\u201d<\/strong>.<\/p>\n<p>&nbsp;<\/p>\n<p><img data-recalc-dims=\"1\" loading=\"lazy\" decoding=\"async\" class=\"size-full wp-image-55593 aligncenter\" src=\"https:\/\/i0.wp.com\/cdnoticias.com\/wp-content\/uploads\/2022\/05\/HCD-juan-sanchez1.jpg?resize=800%2C445&#038;ssl=1\" alt=\"\" width=\"800\" height=\"445\" srcset=\"https:\/\/i0.wp.com\/cdnoticias.com\/wp-content\/uploads\/2022\/05\/HCD-juan-sanchez1.jpg?w=800&amp;ssl=1 800w, https:\/\/i0.wp.com\/cdnoticias.com\/wp-content\/uploads\/2022\/05\/HCD-juan-sanchez1.jpg?resize=300%2C167&amp;ssl=1 300w, https:\/\/i0.wp.com\/cdnoticias.com\/wp-content\/uploads\/2022\/05\/HCD-juan-sanchez1.jpg?resize=768%2C427&amp;ssl=1 768w\" sizes=\"auto, (max-width: 800px) 100vw, 800px\" \/><\/p>\n<p>&nbsp;<\/p>\n<p>En una detallada intervenci\u00f3n, en la que sum\u00f3 numerosos elementos, el concejal <strong>cit\u00f3 la normativa que establece las incompatibilidades con el cargo de concejal,<\/strong> el fallo judicial de la sucesi\u00f3n que ubica a Fr\u00edas como heredero y quien tiene \u201cinter\u00e9s directo\u201d en los resultados comerciales de los contratos con la Municipalidad, y <strong>mostr\u00f3 tambi\u00e9n una factura firmada por el mismo Fr\u00edas de enero de este a\u00f1o.<\/strong><\/p>\n<p>&nbsp;<\/p>\n<blockquote><p>A su vez, hizo hincapi\u00e9 en que el concejal se convirti\u00f3 en heredero desde julio del a\u00f1o pasado y que asumi\u00f3 la banca en diciembre. \u201cDurante toda su actuaci\u00f3n como concejal lo hizo en clara violaci\u00f3n a la prohibici\u00f3n taxativa como miembro del municipio. Es decir, el concejal asumi\u00f3, ejerci\u00f3, cobr\u00f3 y actu\u00f3 a pesar de que estaba impedido de hacerlo en abierta corrupci\u00f3n a la norma\u201d dijo S\u00e1nchez.<\/p><\/blockquote>\n<p>&nbsp;<\/p>\n<p><img data-recalc-dims=\"1\" loading=\"lazy\" decoding=\"async\" class=\"size-full wp-image-55576 aligncenter\" src=\"https:\/\/i0.wp.com\/cdnoticias.com\/wp-content\/uploads\/2022\/05\/HCD-01.jpg?resize=800%2C445&#038;ssl=1\" alt=\"\" width=\"800\" height=\"445\" srcset=\"https:\/\/i0.wp.com\/cdnoticias.com\/wp-content\/uploads\/2022\/05\/HCD-01.jpg?w=800&amp;ssl=1 800w, https:\/\/i0.wp.com\/cdnoticias.com\/wp-content\/uploads\/2022\/05\/HCD-01.jpg?resize=300%2C167&amp;ssl=1 300w, https:\/\/i0.wp.com\/cdnoticias.com\/wp-content\/uploads\/2022\/05\/HCD-01.jpg?resize=768%2C427&amp;ssl=1 768w\" sizes=\"auto, (max-width: 800px) 100vw, 800px\" \/><\/p>\n<p>&nbsp;<\/p>\n<p>Adem\u00e1s, <strong>cit\u00f3 un fallo del Tribunal de Cuentas de 2019 sobre un caso muy similar al local<\/strong> en el que el organismo provincial estableci\u00f3 que <strong>\u201cel heredero legal en una sucesi\u00f3n no puede desempe\u00f1ar el cargo de concejal\u201d.<\/strong><\/p>\n<p>&nbsp;<\/p>\n<blockquote><p>\u201cYa qued\u00f3 plasmada la irregularidad, arbitrariedad y falta de transparencia que resulta con un agravante que adem\u00e1s esto est\u00e9 en esta sesi\u00f3n de la Rendici\u00f3n de Cuentas\u201d subray\u00f3 el concejal del FdT para inmediatamente plantear que \u201cel Concejo Deliberante al tomar conocimiento de esta inhabilidad no tenemos opciones, debemos declarar la cesant\u00eda\u201d.<\/p><\/blockquote>\n<p>&nbsp;<\/p>\n<p>Tras esta declaraci\u00f3n,<strong> la presidenta Cecilia Krivochen convoc\u00f3 a un cuarto intermedio<\/strong>.<\/p>\n<p>&nbsp;<\/p>\n<p><img data-recalc-dims=\"1\" loading=\"lazy\" decoding=\"async\" class=\"size-full wp-image-55594 aligncenter\" src=\"https:\/\/i0.wp.com\/cdnoticias.com\/wp-content\/uploads\/2022\/05\/HCD-presidenta.jpg?resize=800%2C445&#038;ssl=1\" alt=\"\" width=\"800\" height=\"445\" srcset=\"https:\/\/i0.wp.com\/cdnoticias.com\/wp-content\/uploads\/2022\/05\/HCD-presidenta.jpg?w=800&amp;ssl=1 800w, https:\/\/i0.wp.com\/cdnoticias.com\/wp-content\/uploads\/2022\/05\/HCD-presidenta.jpg?resize=300%2C167&amp;ssl=1 300w, https:\/\/i0.wp.com\/cdnoticias.com\/wp-content\/uploads\/2022\/05\/HCD-presidenta.jpg?resize=768%2C427&amp;ssl=1 768w\" sizes=\"auto, (max-width: 800px) 100vw, 800px\" \/><\/p>\n<p><img data-recalc-dims=\"1\" loading=\"lazy\" decoding=\"async\" class=\"size-full wp-image-55577 aligncenter\" src=\"https:\/\/i0.wp.com\/cdnoticias.com\/wp-content\/uploads\/2022\/05\/HCD-sesion-00-1.jpg?resize=800%2C445&#038;ssl=1\" alt=\"\" width=\"800\" height=\"445\" srcset=\"https:\/\/i0.wp.com\/cdnoticias.com\/wp-content\/uploads\/2022\/05\/HCD-sesion-00-1.jpg?w=800&amp;ssl=1 800w, https:\/\/i0.wp.com\/cdnoticias.com\/wp-content\/uploads\/2022\/05\/HCD-sesion-00-1.jpg?resize=300%2C167&amp;ssl=1 300w, https:\/\/i0.wp.com\/cdnoticias.com\/wp-content\/uploads\/2022\/05\/HCD-sesion-00-1.jpg?resize=768%2C427&amp;ssl=1 768w\" sizes=\"auto, (max-width: 800px) 100vw, 800px\" \/><\/p>\n","protected":false},"excerpt":{"rendered":"<p>Es por &#8220;inhabilidad&#8221; e \u201cincompatibilidad\u201d. El concejal Juan S\u00e1nchez adelant\u00f3 que iba a exponer \u201cuna grave denuncia\u201d, pero un problema<\/p>\n","protected":false},"author":4,"featured_media":55592,"comment_status":"closed","ping_status":"closed","sticky":false,"template":"","format":"standard","meta":{"_jetpack_memberships_contains_paid_content":false,"footnotes":""},"categories":[4,1],"tags":[],"class_list":["post-55588","post","type-post","status-publish","format-standard","has-post-thumbnail","hentry","category-politica","category-portada"],"jetpack_featured_media_url":"https:\/\/i0.wp.com\/cdnoticias.com\/wp-content\/uploads\/2022\/05\/HCD-juan-sanchez.jpg?fit=800%2C450&ssl=1","jetpack_sharing_enabled":true,"_links":{"self":[{"href":"https:\/\/cdnoticias.com\/index.php\/wp-json\/wp\/v2\/posts\/55588","targetHints":{"allow":["GET"]}}],"collection":[{"href":"https:\/\/cdnoticias.com\/index.php\/wp-json\/wp\/v2\/posts"}],"about":[{"href":"https:\/\/cdnoticias.com\/index.php\/wp-json\/wp\/v2\/types\/post"}],"author":[{"embeddable":true,"href":"https:\/\/cdnoticias.com\/index.php\/wp-json\/wp\/v2\/users\/4"}],"replies":[{"embeddable":true,"href":"https:\/\/cdnoticias.com\/index.php\/wp-json\/wp\/v2\/comments?post=55588"}],"version-history":[{"count":0,"href":"https:\/\/cdnoticias.com\/index.php\/wp-json\/wp\/v2\/posts\/55588\/revisions"}],"wp:featuredmedia":[{"embeddable":true,"href":"https:\/\/cdnoticias.com\/index.php\/wp-json\/wp\/v2\/media\/55592"}],"wp:attachment":[{"href":"https:\/\/cdnoticias.com\/index.php\/wp-json\/wp\/v2\/media?parent=55588"}],"wp:term":[{"taxonomy":"category","embeddable":true,"href":"https:\/\/cdnoticias.com\/index.php\/wp-json\/wp\/v2\/categories?post=55588"},{"taxonomy":"post_tag","embeddable":true,"href":"https:\/\/cdnoticias.com\/index.php\/wp-json\/wp\/v2\/tags?post=55588"}],"curies":[{"name":"wp","href":"https:\/\/api.w.org\/{rel}","templated":true}]}}