{"id":55580,"date":"2022-05-26T17:13:27","date_gmt":"2022-05-26T20:13:27","guid":{"rendered":"https:\/\/www.centraldenoticias.com.ar\/?p=55580"},"modified":"2022-05-26T17:13:27","modified_gmt":"2022-05-26T20:13:27","slug":"mateada-para-organizar-el-festival-por-el-dia-del-orgullo","status":"publish","type":"post","link":"https:\/\/cdnoticias.com\/index.php\/2022\/05\/26\/mateada-para-organizar-el-festival-por-el-dia-del-orgullo\/","title":{"rendered":"Mateada para organizar el Festival por el D\u00eda del Orgullo"},"content":{"rendered":"<p>Ser\u00e1 este viernes 27 de mayo en el Centro Cultural Universitario.<!--more--><\/p>\n<hr \/>\n<p>La Comisi\u00f3n Organizadora de la Marcha del Orgullo Olavarr\u00eda (COMOO) convoc\u00f3 a activistas, artivistas, grupos y organizaciones de disidencias sexuales de la ciudad a participar de la <strong>planificaci\u00f3n de actividades en el d\u00eda internacional del orgullo LGBTINB+.<\/strong><\/p>\n<p>&nbsp;<\/p>\n<p>Luego de <a href=\"https:\/\/cdnoticias.com\/index.php\/2022\/05\/04\/con-eje-en-el-trabajo-la-salud-y-la-lucha-contra-la-discriminacion-impulsan-el-dia-del-orgullo\/\" target=\"_blank\" rel=\"noopener\">encuentros previos<\/a>, en esta oportunidad la convocatoria es para este<strong> viernes 27 de mayo desde las 18:00<\/strong> en una mateada en el <strong>Centro Cultural Universitario (CCU) ubicado en San Mart\u00edn 1955.<\/strong><\/p>\n<p>&nbsp;<\/p>\n<p><img data-recalc-dims=\"1\" loading=\"lazy\" decoding=\"async\" class=\"aligncenter size-full wp-image-55582\" src=\"https:\/\/i0.wp.com\/cdnoticias.com\/wp-content\/uploads\/2022\/05\/WhatsApp-Image-2022-05-26-at-8.57.07-AM-1.jpeg?resize=800%2C800&#038;ssl=1\" alt=\"\" width=\"800\" height=\"800\" srcset=\"https:\/\/i0.wp.com\/cdnoticias.com\/wp-content\/uploads\/2022\/05\/WhatsApp-Image-2022-05-26-at-8.57.07-AM-1.jpeg?w=1080&amp;ssl=1 1080w, https:\/\/i0.wp.com\/cdnoticias.com\/wp-content\/uploads\/2022\/05\/WhatsApp-Image-2022-05-26-at-8.57.07-AM-1.jpeg?resize=300%2C300&amp;ssl=1 300w, https:\/\/i0.wp.com\/cdnoticias.com\/wp-content\/uploads\/2022\/05\/WhatsApp-Image-2022-05-26-at-8.57.07-AM-1.jpeg?resize=1024%2C1024&amp;ssl=1 1024w, https:\/\/i0.wp.com\/cdnoticias.com\/wp-content\/uploads\/2022\/05\/WhatsApp-Image-2022-05-26-at-8.57.07-AM-1.jpeg?resize=150%2C150&amp;ssl=1 150w, https:\/\/i0.wp.com\/cdnoticias.com\/wp-content\/uploads\/2022\/05\/WhatsApp-Image-2022-05-26-at-8.57.07-AM-1.jpeg?resize=768%2C768&amp;ssl=1 768w\" sizes=\"auto, (max-width: 800px) 100vw, 800px\" \/><\/p>\n<p>&nbsp;<\/p>\n<p>El objetivo es <strong>delinear las consignas y actividades<\/strong> que se concretar\u00e1n el 28 de junio en el marco del festival.<\/p>\n","protected":false},"excerpt":{"rendered":"<p>Ser\u00e1 este viernes 27 de mayo en el Centro Cultural Universitario.<\/p>\n","protected":false},"author":5,"featured_media":55581,"comment_status":"closed","ping_status":"closed","sticky":false,"template":"","format":"standard","meta":{"_jetpack_memberships_contains_paid_content":false,"footnotes":""},"categories":[3,1],"tags":[],"class_list":["post-55580","post","type-post","status-publish","format-standard","has-post-thumbnail","hentry","category-genero","category-portada"],"jetpack_featured_media_url":"https:\/\/i0.wp.com\/cdnoticias.com\/wp-content\/uploads\/2022\/05\/dia-orgullo.jpg?fit=1080%2C588&ssl=1","jetpack_sharing_enabled":true,"_links":{"self":[{"href":"https:\/\/cdnoticias.com\/index.php\/wp-json\/wp\/v2\/posts\/55580","targetHints":{"allow":["GET"]}}],"collection":[{"href":"https:\/\/cdnoticias.com\/index.php\/wp-json\/wp\/v2\/posts"}],"about":[{"href":"https:\/\/cdnoticias.com\/index.php\/wp-json\/wp\/v2\/types\/post"}],"author":[{"embeddable":true,"href":"https:\/\/cdnoticias.com\/index.php\/wp-json\/wp\/v2\/users\/5"}],"replies":[{"embeddable":true,"href":"https:\/\/cdnoticias.com\/index.php\/wp-json\/wp\/v2\/comments?post=55580"}],"version-history":[{"count":0,"href":"https:\/\/cdnoticias.com\/index.php\/wp-json\/wp\/v2\/posts\/55580\/revisions"}],"wp:featuredmedia":[{"embeddable":true,"href":"https:\/\/cdnoticias.com\/index.php\/wp-json\/wp\/v2\/media\/55581"}],"wp:attachment":[{"href":"https:\/\/cdnoticias.com\/index.php\/wp-json\/wp\/v2\/media?parent=55580"}],"wp:term":[{"taxonomy":"category","embeddable":true,"href":"https:\/\/cdnoticias.com\/index.php\/wp-json\/wp\/v2\/categories?post=55580"},{"taxonomy":"post_tag","embeddable":true,"href":"https:\/\/cdnoticias.com\/index.php\/wp-json\/wp\/v2\/tags?post=55580"}],"curies":[{"name":"wp","href":"https:\/\/api.w.org\/{rel}","templated":true}]}}