{"id":55578,"date":"2022-05-27T15:01:43","date_gmt":"2022-05-27T18:01:43","guid":{"rendered":"https:\/\/www.centraldenoticias.com.ar\/?p=55578"},"modified":"2022-05-27T15:01:43","modified_gmt":"2022-05-27T18:01:43","slug":"la-provincia-recomienda-usar-barbijos-en-lugares-cerrados-incluso-en-la-escuela-o-en-el-trabajo","status":"publish","type":"post","link":"https:\/\/cdnoticias.com\/index.php\/2022\/05\/27\/la-provincia-recomienda-usar-barbijos-en-lugares-cerrados-incluso-en-la-escuela-o-en-el-trabajo\/","title":{"rendered":"La Provincia recomienda usar barbijos en lugares cerrados, incluso en la escuela o en el trabajo"},"content":{"rendered":"<p>Es por el aumento de casos de Covid. Adem\u00e1s, establece &#8220;la obligatoriedad del uso del tapabocas en el transporte p\u00fablico de pasajeros&#8221;.<!--more--><\/p>\n<hr \/>\n<p>Regres\u00f3 el fr\u00edo y volvieron a subir los contagios de Covid. Ante esto, <strong>el Gobierno bonaerense recomend\u00f3 este jueves \u201cla utilizaci\u00f3n del tapabocas o barbijos, en espacios cerrados, como medida para la prevenci\u00f3n de transmisi\u00f3n del coronavirus y otras enfermedades respiratorias agudas\u201d<\/strong>.<\/p>\n<p>&nbsp;<\/p>\n<p>D\u00edas atr\u00e1s, el ministro de Salud de la provincia, <strong>Nicol\u00e1s Kreplak, hab\u00eda dicho que \u201cel barbijo no deber\u00eda dejar de usarse\u201d<\/strong> en estos \u00e1mbitos, incluso en las escuelas, ya que \u201cuno se enferma cuando est\u00e1 en un lugar cerrado con poca ventilaci\u00f3n\u201d; <strong>hoy este pedido aparece en el Bolet\u00edn Oficial del distrito<\/strong>.<\/p>\n<p>&nbsp;<\/p>\n<blockquote><p>En la resoluci\u00f3n 1414 del Ministerio de Salud bonaerense, adem\u00e1s de la recomendaci\u00f3n ya mencionada, se lee que queda establecida \u201cla obligatoriedad del uso del tapabocas o barbijo en el transporte p\u00fablico de pasajeros\u201d y se recuerda \u201cel car\u00e1cter optativo del uso del tapabocas o barbijo, en espacios laborales, recreativos y educativos, para aquellas personas cuyo uso implica alguna dificultad\u201d.<\/p><\/blockquote>\n<p>&nbsp;<\/p>\n<p><img data-recalc-dims=\"1\" loading=\"lazy\" decoding=\"async\" class=\"size-full wp-image-51968 aligncenter\" src=\"https:\/\/i0.wp.com\/cdnoticias.com\/wp-content\/uploads\/2022\/04\/DIB-clases-barbijo.jpg?resize=800%2C450&#038;ssl=1\" alt=\"\" width=\"800\" height=\"450\" srcset=\"https:\/\/i0.wp.com\/cdnoticias.com\/wp-content\/uploads\/2022\/04\/DIB-clases-barbijo.jpg?w=1024&amp;ssl=1 1024w, https:\/\/i0.wp.com\/cdnoticias.com\/wp-content\/uploads\/2022\/04\/DIB-clases-barbijo.jpg?resize=300%2C169&amp;ssl=1 300w, https:\/\/i0.wp.com\/cdnoticias.com\/wp-content\/uploads\/2022\/04\/DIB-clases-barbijo.jpg?resize=768%2C432&amp;ssl=1 768w\" sizes=\"auto, (max-width: 800px) 100vw, 800px\" \/><\/p>\n<p>&nbsp;<\/p>\n<p><strong>Variante \u00d3micron<\/strong><\/p>\n<p>&nbsp;<\/p>\n<p><strong>En los fundamentos de la medida, se indica que la nueva variante del coronavirus B.1.1.529 denominada \u00d3micron genera \u201cpreocupaci\u00f3n en todo el mundo por el alto riesgo de contagio\u201d<\/strong>.<\/p>\n<p>&nbsp;<\/p>\n<blockquote><p>\u201cLa variante \u00d3micron circula actualmente en el territorio provincial, la cual se caracteriza por su elevada transmisibilidad, con emergencia de sublinajes con mayor potencial de transmisi\u00f3n como el m\u00e1s reciente BA.2\u201d, se apunta.<\/p><\/blockquote>\n<p>&nbsp;<\/p>\n<p>En el texto se manifiesta que \u201cel elevado nivel de transmisibilidad de la variante \u00d3micron <strong>podr\u00eda generar un repentino aumento de casos, tal como ocurri\u00f3 en el mes de enero<\/strong> del corriente\u201d y se apunt\u00f3 que \u201cel alto nivel de inmunidad alcanzado en la poblaci\u00f3n permiti\u00f3 la continuidad de todas las actividades en un contexto de alta incidencia de casos, quitar los aforos m\u00e1ximos de espacios, dar inicio a la temporada escolar con presencialidad plena en las aulas y eliminar la cuarentena en contactos estrechos vacunados\u201d.<\/p>\n<p>&nbsp;<\/p>\n<p>Por eso, se explica que \u201cen este contexto de altas coberturas de vacunaci\u00f3n obtenidas y la consecuente protecci\u00f3n frente a enfermedad grave <strong>se debe garantizar la continuidad de todas las actividades, y se contin\u00faa recomendando el uso de barbijos de calidad en espacios cerrados compartidos o ante aglomeraciones de personas\u201d<\/strong>.<\/p>\n<p>&nbsp;<\/p>\n<p>Tambi\u00e9n se solicita<strong> \u201casegurar la ventilaci\u00f3n de los ambientes; la higiene adecuada y frecuente de manos, toser o estornudar sobre el pliegue del codo y ante la presencia de s\u00edntomas, no acudir a actividades laborales, sociales, educativas, lugares p\u00fablico<\/strong>s y evitar el uso del transporte p\u00fablico\u201d.<\/p>\n<p>&nbsp;<\/p>\n<p><img data-recalc-dims=\"1\" loading=\"lazy\" decoding=\"async\" class=\"size-large wp-image-33631 aligncenter\" src=\"https:\/\/i0.wp.com\/cdnoticias.com\/wp-content\/uploads\/2021\/09\/Nicolas-Kreplak.jpg?resize=800%2C534&#038;ssl=1\" alt=\"\" width=\"800\" height=\"534\" srcset=\"https:\/\/i0.wp.com\/cdnoticias.com\/wp-content\/uploads\/2021\/09\/Nicolas-Kreplak.jpg?resize=1024%2C684&amp;ssl=1 1024w, https:\/\/i0.wp.com\/cdnoticias.com\/wp-content\/uploads\/2021\/09\/Nicolas-Kreplak.jpg?resize=300%2C200&amp;ssl=1 300w, https:\/\/i0.wp.com\/cdnoticias.com\/wp-content\/uploads\/2021\/09\/Nicolas-Kreplak.jpg?resize=768%2C513&amp;ssl=1 768w, https:\/\/i0.wp.com\/cdnoticias.com\/wp-content\/uploads\/2021\/09\/Nicolas-Kreplak.jpg?resize=272%2C182&amp;ssl=1 272w, https:\/\/i0.wp.com\/cdnoticias.com\/wp-content\/uploads\/2021\/09\/Nicolas-Kreplak.jpg?w=1280&amp;ssl=1 1280w\" sizes=\"auto, (max-width: 800px) 100vw, 800px\" \/><\/p>\n<p>&nbsp;<\/p>\n<p><strong>Kreplak: \u201cEn las escuelas tambi\u00e9n\u201d<\/strong><\/p>\n<p>&nbsp;<\/p>\n<blockquote><p>El lunes, el ministro Kreplak hab\u00eda dicho en declaraciones radiales que \u201cno es cierto que cuando viene el invierno uno se enferma porque toma fr\u00edo; se enferma cuando est\u00e1 en un lugar cerrado con poca ventilaci\u00f3n con los virus que est\u00e1n circulando\u201d y recalc\u00f3 que \u201chay que usar barbijo en los lugares cerrados y ventilar bien\u201d.<\/p><\/blockquote>\n<p>&nbsp;<\/p>\n<p><a href=\"https:\/\/cdnoticias.com\/index.php\/2022\/05\/23\/el-ministro-de-salud-insiste-en-que-hay-muchisimos-casos-de-covid-19\/\" target=\"_blank\" rel=\"noopener\">Insisti\u00f3: \u201cEl barbijo no deber\u00eda dejar de usarse en las escuelas\u201d<\/a>.\u00a0En tanto, frente a este panorama de suba de casos el Gobierno de la provincia de Buenos Aires comenz\u00f3 ayer con la<strong> aplicaci\u00f3n de dosis de refuerzo Covid-19 en la poblaci\u00f3n de entre 5 a 11 a\u00f1os<\/strong>, y despu\u00e9s de 120 d\u00edas de completado el esquema de vacunaci\u00f3n inicial.<\/p>\n<p>&nbsp;<\/p>\n<p>Seg\u00fan inform\u00f3 Salud, esta nueva etapa en la campa\u00f1a de vacunaci\u00f3n se considera al contar con suficiente informaci\u00f3n sobre la seguridad de estas vacunas en poblaci\u00f3n infantil y la llegada del fr\u00edo que trae el aumento de enfermedades respiratorias, por lo que se vuelve primordial reforzar los esquemas de vacunaci\u00f3n.<\/p>\n<p>&nbsp;<\/p>\n<p>Fuente:<em> Agencia DIB<\/em><\/p>\n","protected":false},"excerpt":{"rendered":"<p>Es por el aumento de casos de Covid. Adem\u00e1s, establece &#8220;la obligatoriedad del uso del tapabocas en el transporte p\u00fablico<\/p>\n","protected":false},"author":4,"featured_media":55387,"comment_status":"closed","ping_status":"closed","sticky":false,"template":"","format":"standard","meta":{"_jetpack_memberships_contains_paid_content":false,"footnotes":""},"categories":[16],"tags":[],"class_list":["post-55578","post","type-post","status-publish","format-standard","has-post-thumbnail","hentry","category-covid-19"],"jetpack_featured_media_url":"https:\/\/i0.wp.com\/cdnoticias.com\/wp-content\/uploads\/2022\/05\/DIB-kreplak-avellaneda-nv-696x463-1.jpg?fit=696%2C463&ssl=1","jetpack_sharing_enabled":true,"_links":{"self":[{"href":"https:\/\/cdnoticias.com\/index.php\/wp-json\/wp\/v2\/posts\/55578","targetHints":{"allow":["GET"]}}],"collection":[{"href":"https:\/\/cdnoticias.com\/index.php\/wp-json\/wp\/v2\/posts"}],"about":[{"href":"https:\/\/cdnoticias.com\/index.php\/wp-json\/wp\/v2\/types\/post"}],"author":[{"embeddable":true,"href":"https:\/\/cdnoticias.com\/index.php\/wp-json\/wp\/v2\/users\/4"}],"replies":[{"embeddable":true,"href":"https:\/\/cdnoticias.com\/index.php\/wp-json\/wp\/v2\/comments?post=55578"}],"version-history":[{"count":0,"href":"https:\/\/cdnoticias.com\/index.php\/wp-json\/wp\/v2\/posts\/55578\/revisions"}],"wp:featuredmedia":[{"embeddable":true,"href":"https:\/\/cdnoticias.com\/index.php\/wp-json\/wp\/v2\/media\/55387"}],"wp:attachment":[{"href":"https:\/\/cdnoticias.com\/index.php\/wp-json\/wp\/v2\/media?parent=55578"}],"wp:term":[{"taxonomy":"category","embeddable":true,"href":"https:\/\/cdnoticias.com\/index.php\/wp-json\/wp\/v2\/categories?post=55578"},{"taxonomy":"post_tag","embeddable":true,"href":"https:\/\/cdnoticias.com\/index.php\/wp-json\/wp\/v2\/tags?post=55578"}],"curies":[{"name":"wp","href":"https:\/\/api.w.org\/{rel}","templated":true}]}}