{"id":55570,"date":"2022-05-26T08:14:15","date_gmt":"2022-05-26T11:14:15","guid":{"rendered":"https:\/\/www.centraldenoticias.com.ar\/?p=55570"},"modified":"2022-05-26T09:53:59","modified_gmt":"2022-05-26T12:53:59","slug":"hcd-trataran-la-rendicion-de-cuentas-2021-y-habra-sesion-ordinaria","status":"publish","type":"post","link":"https:\/\/cdnoticias.com\/index.php\/2022\/05\/26\/hcd-trataran-la-rendicion-de-cuentas-2021-y-habra-sesion-ordinaria\/","title":{"rendered":"HCD: tratar\u00e1n la Rendici\u00f3n de Cuentas 2021 y habr\u00e1 sesi\u00f3n ordinaria"},"content":{"rendered":"<p>Ser\u00e1 desde las 9:00 en la Sociedad Espa\u00f1ola. Primero habr\u00e1 sesi\u00f3n especial y luego se desarrollar\u00e1 la sexta sesi\u00f3n ordinaria de este a\u00f1o.<!--more--><\/p>\n<hr \/>\n<p>Desde las 9:00 de este jueves en la Sociedad Espa\u00f1ola, se desarrollar\u00e1 una <strong>sesi\u00f3n especial para tratar la Rendici\u00f3n de Cuentas 2021.<\/strong> Luego, se llevar\u00e1 a cabo la <strong>sexta sesi\u00f3n ordinaria del a\u00f1o.<\/strong> Seg\u00fan indicaron desde el HCD, antes del debate se realizar\u00e1 un minuto de silencio en<a href=\"https:\/\/cdnoticias.com\/index.php\/2022\/05\/23\/fallecio-la-ex-concejal-maria-irene-blanco\/\" target=\"_blank\" rel=\"noopener\"> homenaje a la ex concejala Mar\u00eda Irene Blanco.<\/a><\/p>\n<p>&nbsp;<\/p>\n<p>Hay <strong>diez expedientes ingresados en t\u00e9rmino reglamentario.<\/strong> Se encuentra el proyecto de ordenanza sobre \u201cFicha Limpia\u201d presentado por el bloque Ahora Olavarr\u00eda. Por otro lado, hay nueve expedientes del Departamento Ejecutivo Municipal confiriendo inmuebles en donaci\u00f3n ser\u00e1n remitidos a las comisiones de Infraestructura, Hacienda y Legislaci\u00f3n.<\/p>\n<p>&nbsp;<\/p>\n<p>Adem\u00e1s, se tratar\u00e1n este jueves <strong>siete expedientes<\/strong>, entre los que se destacan, el proyecto de Ordenanza que reglamenta los procedimientos para el visado y aprobaci\u00f3n de los proyectos de mensura y divisi\u00f3n en \u00e1reas urbanas, complementarias y rurales del Partido de Olavarr\u00eda.<\/p>\n<p>&nbsp;<\/p>\n<p>En cuanto al<strong> tratamiento sobre tablas<\/strong> el bloque <strong>UCR- Juntos<\/strong> present\u00f3 un proyecto de comunicaci\u00f3n solicitando al Departamento Ejecutivo Municipal y al Ministerio de Salud de la provincia de Buenos Ares obras determinas y un proyecto de Resoluci\u00f3n declarando de Inter\u00e9s Legislativo Municipal al Programa Tur\u00edstico \u201cBici Tours Olavarr\u00eda\u201d.<\/p>\n<p>&nbsp;<\/p>\n<p>Del Interbloque <strong>Frente de Todos<\/strong>, hay un proyecto de Resoluci\u00f3n solicitando al Departamento Ejecutivo la limpieza del arroyo Tapalqu\u00e9, un Pedido de Informes sobre Pol\u00edticas de Castraci\u00f3n de Animales, un proyecto de Resoluci\u00f3n declarando de Inter\u00e9s Legislativo municipal al relevamiento censal sociodemogr\u00e1fico del SPB, un proyecto de Resoluci\u00f3n declarando de Inter\u00e9s Legislativo Municipal al taller de Noviazgos Violentos-Cort\u00e1 a Tiempo, un proyecto de Resoluci\u00f3n solicitando al Departamento Ejecutivo Medidas conforme a la Ley 13074, un proyecto de Resoluci\u00f3n tambi\u00e9n dirigido al Departamento Ejecutivo solicitando cumplimiento de la Ordenanza N\u00b0 4388\/19.<\/p>\n<p>&nbsp;<\/p>\n<p>Y desde el bloque <strong>Ahora Olavarr\u00eda<\/strong> se present\u00f3 un proyecto de Resoluci\u00f3n distinguiendo con el galard\u00f3n de \u201cHonor al M\u00e9rito Ciudadano\u201d al Sr. Carlos Tom\u00e1s Marfurt.<\/p>\n<p>&nbsp;<\/p>\n<p>Podes seguir en vivo el debate en el <a href=\"https:\/\/www.youtube.com\/channel\/UCtZCoknXQfZ5srZV-m7x_Mg\/featured\" target=\"_blank\" rel=\"noopener\">canal de YouTube<\/a> del Honorable Concejo Deliberante.<\/p>\n","protected":false},"excerpt":{"rendered":"<p>Ser\u00e1 desde las 9:00 en la Sociedad Espa\u00f1ola. Primero habr\u00e1 sesi\u00f3n especial y luego se desarrollar\u00e1 la sexta sesi\u00f3n ordinaria<\/p>\n","protected":false},"author":5,"featured_media":54448,"comment_status":"closed","ping_status":"closed","sticky":false,"template":"","format":"standard","meta":{"_jetpack_memberships_contains_paid_content":false,"footnotes":""},"categories":[4,1],"tags":[],"class_list":["post-55570","post","type-post","status-publish","format-standard","has-post-thumbnail","hentry","category-politica","category-portada"],"jetpack_featured_media_url":"https:\/\/i0.wp.com\/cdnoticias.com\/wp-content\/uploads\/2022\/05\/HCD-sesion-06.jpg?fit=800%2C445&ssl=1","jetpack_sharing_enabled":true,"_links":{"self":[{"href":"https:\/\/cdnoticias.com\/index.php\/wp-json\/wp\/v2\/posts\/55570","targetHints":{"allow":["GET"]}}],"collection":[{"href":"https:\/\/cdnoticias.com\/index.php\/wp-json\/wp\/v2\/posts"}],"about":[{"href":"https:\/\/cdnoticias.com\/index.php\/wp-json\/wp\/v2\/types\/post"}],"author":[{"embeddable":true,"href":"https:\/\/cdnoticias.com\/index.php\/wp-json\/wp\/v2\/users\/5"}],"replies":[{"embeddable":true,"href":"https:\/\/cdnoticias.com\/index.php\/wp-json\/wp\/v2\/comments?post=55570"}],"version-history":[{"count":0,"href":"https:\/\/cdnoticias.com\/index.php\/wp-json\/wp\/v2\/posts\/55570\/revisions"}],"wp:featuredmedia":[{"embeddable":true,"href":"https:\/\/cdnoticias.com\/index.php\/wp-json\/wp\/v2\/media\/54448"}],"wp:attachment":[{"href":"https:\/\/cdnoticias.com\/index.php\/wp-json\/wp\/v2\/media?parent=55570"}],"wp:term":[{"taxonomy":"category","embeddable":true,"href":"https:\/\/cdnoticias.com\/index.php\/wp-json\/wp\/v2\/categories?post=55570"},{"taxonomy":"post_tag","embeddable":true,"href":"https:\/\/cdnoticias.com\/index.php\/wp-json\/wp\/v2\/tags?post=55570"}],"curies":[{"name":"wp","href":"https:\/\/api.w.org\/{rel}","templated":true}]}}