{"id":55521,"date":"2022-05-25T14:09:23","date_gmt":"2022-05-25T17:09:23","guid":{"rendered":"https:\/\/www.centraldenoticias.com.ar\/?p=55521"},"modified":"2022-05-25T14:09:23","modified_gmt":"2022-05-25T17:09:23","slug":"autoridades-de-la-defensoria-del-pueblo-recorreran-olavarria","status":"publish","type":"post","link":"https:\/\/cdnoticias.com\/index.php\/2022\/05\/25\/autoridades-de-la-defensoria-del-pueblo-recorreran-olavarria\/","title":{"rendered":"Autoridades de la Defensor\u00eda del Pueblo recorrer\u00e1n Olavarr\u00eda"},"content":{"rendered":"<p>Ser\u00e1 el viernes 27 de mayo. Buscan interiorizarse sobre las principales preocupaciones de vecinos y vecinas. Adem\u00e1s, dictar\u00e1n el taller \u201cCort\u00e1 a tiempo\u201d, en el marco del D\u00eda de la prevenci\u00f3n de la violencia en el noviazgo.<!--more--><\/p>\n<hr \/>\n<p>Con el objetivo de analizar las principales problem\u00e1ticas de las y los vecinos de Olavarr\u00eda, autoridades de la Defensor\u00eda del Pueblo bonaerense visitar\u00e1n la ciudad el pr\u00f3ximo <strong>viernes 27 de mayo.<\/strong><\/p>\n<p>&nbsp;<\/p>\n<p>El organismo que conduce Guido Lorenzino estar\u00e1 representado por el<strong> secretario de Atenci\u00f3n y Desarrollo Territorial, Federico Santarelli y la coordinadora de Delegaciones, Daniela Leguizam\u00f3n.<\/strong><\/p>\n<p>&nbsp;<\/p>\n<p>En agenda figura una<strong> visita a la sede delegaci\u00f3n de la Defensor\u00eda, a cargo de In\u00e9s Barbieri.<\/strong> \u201cEstamos recorriendo la Provincia para estar cerca de la ciudadan\u00eda. Es una pol\u00edtica clara de Lorenzino y una propuesta que nos permite fortalecer el v\u00ednculo con las 53 delegaciones que funcionan en el territorio y que atienden las problem\u00e1ticas y consultas de vecinas y vecinos que m\u00e1s lo necesitan\u201d, indic\u00f3 Santarelli.<\/p>\n<p>&nbsp;<\/p>\n<p>Durante la jornada, el equipo de Pol\u00edticas de Igualdad de la Defensor\u00eda, a cargo de Alejandra L\u00f3pez, realizar\u00e1 el<strong> taller \u201cCorta a tiempo\u201d, en el marco del D\u00eda de la prevenci\u00f3n de la violencia en el noviazgo.<\/strong><\/p>\n<p>&nbsp;<\/p>\n<p>La actividad est\u00e1 dirigida a <strong>docentes y alumnas y alumnos del nivel secundario<\/strong>. Ser\u00e1 a las 14.30 en la sede del club Mariano Moreno, ubicado en Avenida Sarmiento 3093.<\/p>\n","protected":false},"excerpt":{"rendered":"<p>Ser\u00e1 el viernes 27 de mayo. Buscan interiorizarse sobre las principales preocupaciones de vecinos y vecinas. Adem\u00e1s, dictar\u00e1n el taller<\/p>\n","protected":false},"author":5,"featured_media":55525,"comment_status":"closed","ping_status":"closed","sticky":false,"template":"","format":"standard","meta":{"_jetpack_memberships_contains_paid_content":false,"footnotes":""},"categories":[5,1],"tags":[],"class_list":["post-55521","post","type-post","status-publish","format-standard","has-post-thumbnail","hentry","category-informacion-general","category-portada"],"jetpack_featured_media_url":"https:\/\/i0.wp.com\/cdnoticias.com\/wp-content\/uploads\/2022\/05\/placa-taller-1.png?fit=1080%2C1080&ssl=1","jetpack_sharing_enabled":true,"_links":{"self":[{"href":"https:\/\/cdnoticias.com\/index.php\/wp-json\/wp\/v2\/posts\/55521","targetHints":{"allow":["GET"]}}],"collection":[{"href":"https:\/\/cdnoticias.com\/index.php\/wp-json\/wp\/v2\/posts"}],"about":[{"href":"https:\/\/cdnoticias.com\/index.php\/wp-json\/wp\/v2\/types\/post"}],"author":[{"embeddable":true,"href":"https:\/\/cdnoticias.com\/index.php\/wp-json\/wp\/v2\/users\/5"}],"replies":[{"embeddable":true,"href":"https:\/\/cdnoticias.com\/index.php\/wp-json\/wp\/v2\/comments?post=55521"}],"version-history":[{"count":0,"href":"https:\/\/cdnoticias.com\/index.php\/wp-json\/wp\/v2\/posts\/55521\/revisions"}],"wp:featuredmedia":[{"embeddable":true,"href":"https:\/\/cdnoticias.com\/index.php\/wp-json\/wp\/v2\/media\/55525"}],"wp:attachment":[{"href":"https:\/\/cdnoticias.com\/index.php\/wp-json\/wp\/v2\/media?parent=55521"}],"wp:term":[{"taxonomy":"category","embeddable":true,"href":"https:\/\/cdnoticias.com\/index.php\/wp-json\/wp\/v2\/categories?post=55521"},{"taxonomy":"post_tag","embeddable":true,"href":"https:\/\/cdnoticias.com\/index.php\/wp-json\/wp\/v2\/tags?post=55521"}],"curies":[{"name":"wp","href":"https:\/\/api.w.org\/{rel}","templated":true}]}}