{"id":55497,"date":"2022-05-25T09:48:56","date_gmt":"2022-05-25T12:48:56","guid":{"rendered":"https:\/\/www.centraldenoticias.com.ar\/?p=55497"},"modified":"2022-05-25T09:48:56","modified_gmt":"2022-05-25T12:48:56","slug":"politicas-de-genero-vuelve-a-funcionar-el-programa-de-masculinidades","status":"publish","type":"post","link":"https:\/\/cdnoticias.com\/index.php\/2022\/05\/25\/politicas-de-genero-vuelve-a-funcionar-el-programa-de-masculinidades\/","title":{"rendered":"Pol\u00edticas de G\u00e9nero: vuelve a funcionar el Programa de Masculinidades"},"content":{"rendered":"<p>Est\u00e1 dirigido a varones que ejercen violencias por motivos de g\u00e9nero. <!--more--><\/p>\n<hr \/>\n<p>&nbsp;<\/p>\n<p>El Municipio de Olavarr\u00eda, a trav\u00e9s de la <strong>Direcci\u00f3n de Pol\u00edticas de G\u00e9nero<\/strong> dependiente de la Subsecretar\u00eda de Derechos, Igualdad y Oportunidades, inform\u00f3 el<strong> relanzamiento del Programa de Masculinidades, dirigido a varones que ejercen violencias por motivos de g\u00e9nero.<\/strong><\/p>\n<p>&nbsp;<\/p>\n<p>Desde la Direcci\u00f3n de Pol\u00edticas de G\u00e9nero se\u00f1alaron que<strong>\u00a0\u201cel equipo conformado por una psic\u00f3loga, una abogada, una trabajadora social, y una operadora, se viene reuniendo sostenidamente hace un mes,<\/strong> participando de las din\u00e1micas de la Direcci\u00f3n y prepar\u00e1ndose para el desaf\u00edo que viene en el transcurso del a\u00f1o\u201d.<\/p>\n<p>&nbsp;<\/p>\n<p>Luego de la presentaci\u00f3n formal con los espacios institucionales con los que el dispositivo articula, <strong>comenzar\u00e1n la etapa de entrevistas interdisciplinarias a los varones que ejercen violencia<\/strong>, y en un segundo tramo <strong>comenzar\u00e1n a desarrollarse actividades abiertas a la comunidad,<\/strong> con la <strong>incorporaci\u00f3n de un taller<\/strong> especializado en la tem\u00e1tica.<\/p>\n<p>&nbsp;<\/p>\n<p>Durante la semana, pautaron reuniones con Patronato de Liberados, y Juzgados de Familia, y la semana siguiente lo har\u00e1n con Vientos de Libertad, una de las organizaciones sociales con la que vienen trabajando articuladamente.<\/p>\n<p>&nbsp;<\/p>\n<p>La propuesta forma parte de un programa de abordaje integral para<strong> personas que ejercen violencia de g\u00e9nero<\/strong>, y responde a la necesidad de intervenir sobre la problem\u00e1tica desde una perspectiva global.<\/p>\n<p>&nbsp;<\/p>\n<p>Quienes quieran sumarse pueden comunicarse al mail institucional\u00a0<a href=\"mailto:generomasculinidades@olavarria.gov.ar\">generomasculinidades@olavarria.gov.ar<\/a>, para recibir asesoramiento o realizar consultas sobre el funcionamiento del dispositivo.<\/p>\n","protected":false},"excerpt":{"rendered":"<p>Est\u00e1 dirigido a varones que ejercen violencias por motivos de g\u00e9nero.<\/p>\n","protected":false},"author":6,"featured_media":55498,"comment_status":"closed","ping_status":"closed","sticky":false,"template":"","format":"standard","meta":{"_jetpack_memberships_contains_paid_content":false,"footnotes":""},"categories":[3,1],"tags":[],"class_list":["post-55497","post","type-post","status-publish","format-standard","has-post-thumbnail","hentry","category-genero","category-portada"],"jetpack_featured_media_url":"https:\/\/i0.wp.com\/cdnoticias.com\/wp-content\/uploads\/2022\/05\/DH-Genero-Reunion-Patronato-1024x682-1.jpg?fit=1024%2C682&ssl=1","jetpack_sharing_enabled":true,"_links":{"self":[{"href":"https:\/\/cdnoticias.com\/index.php\/wp-json\/wp\/v2\/posts\/55497","targetHints":{"allow":["GET"]}}],"collection":[{"href":"https:\/\/cdnoticias.com\/index.php\/wp-json\/wp\/v2\/posts"}],"about":[{"href":"https:\/\/cdnoticias.com\/index.php\/wp-json\/wp\/v2\/types\/post"}],"author":[{"embeddable":true,"href":"https:\/\/cdnoticias.com\/index.php\/wp-json\/wp\/v2\/users\/6"}],"replies":[{"embeddable":true,"href":"https:\/\/cdnoticias.com\/index.php\/wp-json\/wp\/v2\/comments?post=55497"}],"version-history":[{"count":0,"href":"https:\/\/cdnoticias.com\/index.php\/wp-json\/wp\/v2\/posts\/55497\/revisions"}],"wp:featuredmedia":[{"embeddable":true,"href":"https:\/\/cdnoticias.com\/index.php\/wp-json\/wp\/v2\/media\/55498"}],"wp:attachment":[{"href":"https:\/\/cdnoticias.com\/index.php\/wp-json\/wp\/v2\/media?parent=55497"}],"wp:term":[{"taxonomy":"category","embeddable":true,"href":"https:\/\/cdnoticias.com\/index.php\/wp-json\/wp\/v2\/categories?post=55497"},{"taxonomy":"post_tag","embeddable":true,"href":"https:\/\/cdnoticias.com\/index.php\/wp-json\/wp\/v2\/tags?post=55497"}],"curies":[{"name":"wp","href":"https:\/\/api.w.org\/{rel}","templated":true}]}}