{"id":5545,"date":"2020-11-04T08:24:24","date_gmt":"2020-11-04T11:24:24","guid":{"rendered":"http:\/\/www.centraldenoticias.com.ar\/?p=5545"},"modified":"2020-11-04T09:08:10","modified_gmt":"2020-11-04T12:08:10","slug":"relevamiento-casa-por-casa-para-completar-esquemas-de-vacunacion","status":"publish","type":"post","link":"https:\/\/cdnoticias.com\/index.php\/2020\/11\/04\/relevamiento-casa-por-casa-para-completar-esquemas-de-vacunacion\/","title":{"rendered":"Relevamiento casa por casa para completar esquemas de vacunaci\u00f3n"},"content":{"rendered":"<p>&nbsp;<\/p>\n<p>Se trata de un trabajo conjunto entre el Municipio y la Facultad de Ciencias de la Salud. Recorren distintos puntos de la ciudad para conocer el n\u00famero de ni\u00f1os que a\u00fan faltan inmunizar.<!--more--><\/p>\n<hr \/>\n<p>El Municipio y la Facultad de Ciencias de la Salud llevan adelante un <strong>relevamiento para concientizar a la poblaci\u00f3n acerca de la importancia de mantener completos los esquemas del Calendario Nacional de Vacunaci\u00f3n<\/strong>, obligatorio y gratuito.<\/p>\n<p>&nbsp;<\/p>\n<p>De esta forma, <strong>alrededor de 30 estudiantes avanzados de las carreras de Enfermer\u00eda y Medicina junto con personal de Epidemiolog\u00eda, llevan adelante un relevamiento casa por casa en distintos puntos de la ciudad<\/strong>, a los fines de conocer el n\u00famero de ni\u00f1os que a\u00fan faltan inmunizar.<\/p>\n<p>&nbsp;<\/p>\n<p>Previo a este trabajo, <strong>los estudiantes fueron capacitados para tal fin por personal de la Direcci\u00f3n de Epidemiolog\u00eda<\/strong>, a cargo de la Dra. Mar\u00eda del Carmen Weis.<\/p>\n<p>&nbsp;<\/p>\n<p>Desde la Secretar\u00eda de Salud se aclar\u00f3 que<strong> los encuestadores no requieren ingresar a los domicilios<\/strong> y se presentan debidamente identificados. El relevamiento consiste simplemente en <strong>conocer si en el domicilio viven ni\u00f1os de 0 a 6 meses, un a\u00f1o, 15 a 18 meses, 5\/6 u 11 a\u00f1os, franja etaria sobre la que se hace hincapi\u00e9 en la importancia de la inmunizaci\u00f3n para completar esquemas.<\/strong><\/p>\n<p>&nbsp;<\/p>\n<p>En caso afirmativo,<strong> se preguntar\u00e1 si recibieron las vacunas correspondientes a su edad<\/strong>, en caso contrario se toma registro y se solicita un n\u00famero de tel\u00e9fono, para que personal del Banco de Leche pueda comunicarse con ellos y responder inquietudes respecto a la vacunaci\u00f3n.<\/p>\n<p>&nbsp;<\/p>\n<p>La Dra. Weis explic\u00f3 que <strong>el objetivo de esta tarea es sostener la cobertura de inmunizaci\u00f3n habitual.<\/strong> Olavarr\u00eda, explic\u00f3 la directora de Epidemiolog\u00eda, mantiene un <strong>promedio hist\u00f3rico de 93% \u2013 95% de cobertura<\/strong> en lo que respecta a completar esquemas de vacunaci\u00f3n. Este a\u00f1o fue excepcional, dado el contexto de pandemia, y <strong>se ha registrado un descenso en ese \u00edndice<\/strong>, por lo cual se busca reforzar la concientizaci\u00f3n.<\/p>\n<p>&nbsp;<\/p>\n<p>Finalmente se reiter\u00f3 que se encuentran disponibles, en vacunatorios y Centros de Salud del Partido, las vacunas correspondientes al ingreso escolar, de acuerdo a lo que establece el Calendario Nacional de Vacunaci\u00f3n <a href=\"https:\/\/bancos.salud.gob.ar\/recurso\/calendario-nacional-de-vacunacion-2020\" target=\"_blank\" rel=\"noopener\">(clic aqu\u00ed para consultarlo).<\/a><\/p>\n<p>&nbsp;<\/p>\n<p>Asimismo, se record\u00f3 que deben inmunizarse ni\u00f1as y ni\u00f1os a los 5 o 6 a\u00f1os, para recibir refuerzos y completar esquemas.<\/p>\n<p>&nbsp;<\/p>\n<p>Poliomielitis: refuerzo de IPV.<\/p>\n<p>Triple viral SRP: segunda dosis.<\/p>\n<p>Triple bacteriana celular: 2do refuerzo.<\/p>\n<p>&nbsp;<\/p>\n<p>Es importante resaltar que todas las vacunas del Calendario Nacional son <strong>obligatorias, gratuitas y se aplican en los vacunatorios, centros de salud y hospitales p\u00fablicos del pa\u00eds.<\/strong> El calendario incluye vacunas para todas las etapas de la vida, situaciones especiales o para grupos espec\u00edficos.<\/p>\n<p>&nbsp;<\/p>\n<p>La Directora de Epidemiolog\u00eda municipal, Mar\u00eda del Carmen Weis, destac\u00f3 la importancia de no descuidar el cumplimiento de los esquemas de vacunaci\u00f3n, tanto el nuestro como el de las ni\u00f1as y ni\u00f1os. <strong>El contexto de pandemia hizo que muchas personas, sea por descuido o por miedo, eviten acercarse a los centros de salud<\/strong> para completar las inmunizaciones. Sin embargo, es importante tomar conciencia que prevenir el Covid 19 no significa exponernos a otras enfermedades que puedan afectar nuestra salud y propagarse a terceros.<\/p>\n<p>&nbsp;<\/p>\n<p>En este sentido, llev\u00f3 tranquilidad a la poblaci\u00f3n y reiter\u00f3 que <strong>los Centros de Salud y los profesionales que all\u00ed trabajan, cumplen con todos los protocolos de bioseguridad para el resguardo de los pacientes<\/strong>, por lo cual los vecinos que lo requieran pueden acercarse con total tranquilidad. Por supuesto se apela a la responsabilidad individual: llevar barbijo\/tapabocas, usar alcohol en gel y respetar el distanciamiento social.<\/p>\n","protected":false},"excerpt":{"rendered":"<p>&nbsp; Se trata de un trabajo conjunto entre el Municipio y la Facultad de Ciencias de la Salud. Recorren distintos<\/p>\n","protected":false},"author":5,"featured_media":5547,"comment_status":"closed","ping_status":"closed","sticky":false,"template":"","format":"standard","meta":{"_jetpack_memberships_contains_paid_content":false,"footnotes":""},"categories":[5,1],"tags":[],"class_list":["post-5545","post","type-post","status-publish","format-standard","has-post-thumbnail","hentry","category-informacion-general","category-portada"],"jetpack_featured_media_url":"https:\/\/i0.wp.com\/cdnoticias.com\/wp-content\/uploads\/2020\/11\/vacunacion-1024x977.jpg?fit=1024%2C977&ssl=1","jetpack_sharing_enabled":true,"_links":{"self":[{"href":"https:\/\/cdnoticias.com\/index.php\/wp-json\/wp\/v2\/posts\/5545","targetHints":{"allow":["GET"]}}],"collection":[{"href":"https:\/\/cdnoticias.com\/index.php\/wp-json\/wp\/v2\/posts"}],"about":[{"href":"https:\/\/cdnoticias.com\/index.php\/wp-json\/wp\/v2\/types\/post"}],"author":[{"embeddable":true,"href":"https:\/\/cdnoticias.com\/index.php\/wp-json\/wp\/v2\/users\/5"}],"replies":[{"embeddable":true,"href":"https:\/\/cdnoticias.com\/index.php\/wp-json\/wp\/v2\/comments?post=5545"}],"version-history":[{"count":0,"href":"https:\/\/cdnoticias.com\/index.php\/wp-json\/wp\/v2\/posts\/5545\/revisions"}],"wp:featuredmedia":[{"embeddable":true,"href":"https:\/\/cdnoticias.com\/index.php\/wp-json\/wp\/v2\/media\/5547"}],"wp:attachment":[{"href":"https:\/\/cdnoticias.com\/index.php\/wp-json\/wp\/v2\/media?parent=5545"}],"wp:term":[{"taxonomy":"category","embeddable":true,"href":"https:\/\/cdnoticias.com\/index.php\/wp-json\/wp\/v2\/categories?post=5545"},{"taxonomy":"post_tag","embeddable":true,"href":"https:\/\/cdnoticias.com\/index.php\/wp-json\/wp\/v2\/tags?post=5545"}],"curies":[{"name":"wp","href":"https:\/\/api.w.org\/{rel}","templated":true}]}}