{"id":55448,"date":"2022-05-24T10:21:44","date_gmt":"2022-05-24T13:21:44","guid":{"rendered":"https:\/\/www.centraldenoticias.com.ar\/?p=55448"},"modified":"2022-05-24T12:28:32","modified_gmt":"2022-05-24T15:28:32","slug":"detienen-a-un-hombre-en-un-grave-caso-de-violencia-de-genero-en-olavarria","status":"publish","type":"post","link":"https:\/\/cdnoticias.com\/index.php\/2022\/05\/24\/detienen-a-un-hombre-en-un-grave-caso-de-violencia-de-genero-en-olavarria\/","title":{"rendered":"Detienen a un hombre en un grave caso de violencia de g\u00e9nero en Olavarr\u00eda"},"content":{"rendered":"<p>La v\u00edctima sufri\u00f3 amenazas y agresiones. Los hechos ocurrieron en distintos meses de 2021 y 2022. Adem\u00e1s, familiares de la mujer tambi\u00e9n recibieron amenazas.<!--more--><\/p>\n<hr \/>\n<p>La fiscal Viviana Beyt\u00eda, titular de la UFI N\u00ba 5 solicit\u00f3 la <strong>prisi\u00f3n preventiva<\/strong> en un caso de violencia de g\u00e9nero ocurrido en nuestra ciudad. El pedido fue aprobado por la Justicia de Garant\u00edas.<\/p>\n<p>&nbsp;<\/p>\n<p>De esta forma, un hombre de 24 a\u00f1os fue detenido por dos delitos de <strong>\u201camenazas simple\u201d<\/strong> y uno de<strong> \u201ccoacci\u00f3n agravada por el uso de arma en concurso real y en contexto de violencia familiar y de g\u00e9nero\u201d.<\/strong><\/p>\n<p>&nbsp;<\/p>\n<p>Los hechos ocurrieron <strong>desde agosto a diciembre de 2021 y en abril de 2022<\/strong> en domicilios de Olavarr\u00eda. Fueron v\u00edctimas tres mujeres.<\/p>\n<p>&nbsp;<\/p>\n<p>Seg\u00fan se conoci\u00f3, la pareja del hombre sufri\u00f3<strong> reiteradas amenazas y agresiones<\/strong> durante ese per\u00edodo de tiempo, llegando a atarla a una silla y utilizar una cuchilla que apoy\u00f3 sobre sus dedos para que la v\u00edctima \u201cconfiese\u201d una supuesta infidelidad.<\/p>\n<p>&nbsp;<\/p>\n<p>Adem\u00e1s, la madre y la hermana de la v\u00edctima tambi\u00e9n sufrieron amenazas al intentar protegerla.<\/p>\n<p>&nbsp;<\/p>\n<p>Se orden\u00f3 la <strong>detenci\u00f3n y el traslado a la Unidad Penal N\u00ba 7 de Azul y la causa fue elevada a juicio.<\/strong><\/p>\n<p>&nbsp;<\/p>\n<p style=\"text-align: center;\"><em>Si sos v\u00edctima o conoces alguien que est\u00e9 sufriendo violencia de g\u00e9nero comun\u00edcate al 144.<\/em><\/p>\n<p style=\"text-align: center;\"><em>Adem\u00e1s Olavarr\u00eda cuenta con la Direcci\u00f3n de Pol\u00edticas de G\u00e9nero, San Mart\u00edn N\u00b01106 de lunes a viernes de 8 a 18 o mediante los tel\u00e9fonos 02284 417400 o el celular de guardia: 02284 \u2013 15672508.<\/em><\/p>\n<p style=\"text-align: center;\"><em>A la par, tambi\u00e9n te pod\u00e9s acercar a la Comisar\u00eda De la Mujer y la Familia en 9 de Julio 2652 o al tel\u00e9fono 2284 480100; o la sede judicial local, en Rufino Fal 2943, tel\u00e9fono 2284 423427.<\/em><\/p>\n","protected":false},"excerpt":{"rendered":"<p>La v\u00edctima sufri\u00f3 amenazas y agresiones. Los hechos ocurrieron en distintos meses de 2021 y 2022. Adem\u00e1s, familiares de la<\/p>\n","protected":false},"author":5,"featured_media":42279,"comment_status":"closed","ping_status":"closed","sticky":false,"template":"","format":"standard","meta":{"_jetpack_memberships_contains_paid_content":false,"footnotes":""},"categories":[14,1],"tags":[],"class_list":["post-55448","post","type-post","status-publish","format-standard","has-post-thumbnail","hentry","category-policiales","category-portada"],"jetpack_featured_media_url":"https:\/\/i0.wp.com\/cdnoticias.com\/wp-content\/uploads\/2021\/12\/UFI-5-fiscal%C3%ADa-g%C3%A9nero.jpg?fit=800%2C445&ssl=1","jetpack_sharing_enabled":true,"_links":{"self":[{"href":"https:\/\/cdnoticias.com\/index.php\/wp-json\/wp\/v2\/posts\/55448","targetHints":{"allow":["GET"]}}],"collection":[{"href":"https:\/\/cdnoticias.com\/index.php\/wp-json\/wp\/v2\/posts"}],"about":[{"href":"https:\/\/cdnoticias.com\/index.php\/wp-json\/wp\/v2\/types\/post"}],"author":[{"embeddable":true,"href":"https:\/\/cdnoticias.com\/index.php\/wp-json\/wp\/v2\/users\/5"}],"replies":[{"embeddable":true,"href":"https:\/\/cdnoticias.com\/index.php\/wp-json\/wp\/v2\/comments?post=55448"}],"version-history":[{"count":0,"href":"https:\/\/cdnoticias.com\/index.php\/wp-json\/wp\/v2\/posts\/55448\/revisions"}],"wp:featuredmedia":[{"embeddable":true,"href":"https:\/\/cdnoticias.com\/index.php\/wp-json\/wp\/v2\/media\/42279"}],"wp:attachment":[{"href":"https:\/\/cdnoticias.com\/index.php\/wp-json\/wp\/v2\/media?parent=55448"}],"wp:term":[{"taxonomy":"category","embeddable":true,"href":"https:\/\/cdnoticias.com\/index.php\/wp-json\/wp\/v2\/categories?post=55448"},{"taxonomy":"post_tag","embeddable":true,"href":"https:\/\/cdnoticias.com\/index.php\/wp-json\/wp\/v2\/tags?post=55448"}],"curies":[{"name":"wp","href":"https:\/\/api.w.org\/{rel}","templated":true}]}}