{"id":55413,"date":"2022-05-23T19:28:32","date_gmt":"2022-05-23T22:28:32","guid":{"rendered":"https:\/\/www.centraldenoticias.com.ar\/?p=55413"},"modified":"2022-05-24T07:46:42","modified_gmt":"2022-05-24T10:46:42","slug":"san-martin-evita-juana-azurduy-guemes-y-belgrano-cuales-son-los-nuevos-billetes","status":"publish","type":"post","link":"https:\/\/cdnoticias.com\/index.php\/2022\/05\/23\/san-martin-evita-juana-azurduy-guemes-y-belgrano-cuales-son-los-nuevos-billetes\/","title":{"rendered":"San Mart\u00edn, Evita, Juana Azurduy, G\u00fcemes y Belgrano: cu\u00e1les son los nuevos billetes"},"content":{"rendered":"<p>Los dise\u00f1os que present\u00f3 el Presidente marcan el regreso de los pr\u00f3ceres al papel moneda en reemplazo de los animales.<!--more--><\/p>\n<hr \/>\n<p>&nbsp;<\/p>\n<p>El Gobierno nacional present\u00f3 este lunes el <strong>dise\u00f1o de los nuevos billetes con la figura de pr\u00f3ceres y hero\u00ednas en reemplazo de animales,<\/strong> que <strong>entrar\u00e1n en circulaci\u00f3n en aproximadamente \u201cseis meses\u201d<\/strong> aunque la sustituci\u00f3n va a ser de manera progresiva.<\/p>\n<p>&nbsp;<\/p>\n<p><strong>\u201cQue un animal reemplace a figuras de la talla de San Mart\u00edn y Belgrano me parec\u00eda imposible\u201d,<\/strong> dijo el <strong>presidente Alberto Fern\u00e1ndez<\/strong> al participar de un acto en el Museo del Bicentenario de la Casa Rosada, donde se presentaron los nuevos dise\u00f1os aunque pese a la inflaci\u00f3n no se anunci\u00f3 denominaciones m\u00e1s altas.<\/p>\n<p>&nbsp;<\/p>\n<p>Los nuevos billetes fueron dise\u00f1ados por t\u00e9cnicos del Banco Central en conjunto con Casa de la Moneda. <strong>Se contempl\u00f3 que haya paridad de g\u00e9nero en la elecci\u00f3n de las figuras, composici\u00f3n y color.<\/strong><\/p>\n<p>&nbsp;<\/p>\n<p>La flamante familia se compone de cuatro denominaciones que incluyen la representaci\u00f3n de tres mujeres y tres varones que, seg\u00fan inform\u00f3 el BCRA, \u201c<strong>jugaron un papel decisivo en la construcci\u00f3n de nuestro pa\u00eds, figuras trascendentes que rompieron el molde de su \u00e9poca y lucharon por la independencia, el desarrollo, la inclusi\u00f3n y la ampliaci\u00f3n de derechos\u201d<\/strong>. Como elemento singular y novedoso, dos de las denominaciones homenajean a dos personalidades en un mismo billete.<\/p>\n<p>&nbsp;<\/p>\n<p>El general<strong> Jos\u00e9 de San Mart\u00edn<\/strong> volver\u00e1 al billete de m\u00e1xima denominaci\u00f3n, con su rostro impreso en el billete de <strong>$1000; Manuel Belgrano y Remedios del Valle, al de $500;<\/strong> <strong>Juana Azurduy y Mart\u00edn Miguel de G\u00fcemes <\/strong>estar\u00e1n en el billete de<strong> $200 y Eva Per\u00f3n volver\u00e1 al de $100.<\/strong><\/p>\n<p>&nbsp;<\/p>\n<p><img data-recalc-dims=\"1\" loading=\"lazy\" decoding=\"async\" class=\"aligncenter wp-image-55414 size-full\" src=\"https:\/\/i0.wp.com\/cdnoticias.com\/wp-content\/uploads\/2022\/05\/billete-1000.jpg?resize=750%2C339&#038;ssl=1\" alt=\"\" width=\"750\" height=\"339\" srcset=\"https:\/\/i0.wp.com\/cdnoticias.com\/wp-content\/uploads\/2022\/05\/billete-1000.jpg?w=750&amp;ssl=1 750w, https:\/\/i0.wp.com\/cdnoticias.com\/wp-content\/uploads\/2022\/05\/billete-1000.jpg?resize=300%2C136&amp;ssl=1 300w\" sizes=\"auto, (max-width: 750px) 100vw, 750px\" \/><\/p>\n<p>&nbsp;<\/p>\n<p><img data-recalc-dims=\"1\" loading=\"lazy\" decoding=\"async\" class=\"aligncenter wp-image-55417 size-full\" src=\"https:\/\/i0.wp.com\/cdnoticias.com\/wp-content\/uploads\/2022\/05\/billete-500.jpg?resize=750%2C347&#038;ssl=1\" alt=\"\" width=\"750\" height=\"347\" srcset=\"https:\/\/i0.wp.com\/cdnoticias.com\/wp-content\/uploads\/2022\/05\/billete-500.jpg?w=750&amp;ssl=1 750w, https:\/\/i0.wp.com\/cdnoticias.com\/wp-content\/uploads\/2022\/05\/billete-500.jpg?resize=300%2C139&amp;ssl=1 300w\" sizes=\"auto, (max-width: 750px) 100vw, 750px\" \/><\/p>\n<p>&nbsp;<\/p>\n<p><img data-recalc-dims=\"1\" loading=\"lazy\" decoding=\"async\" class=\"aligncenter wp-image-55415 size-full\" src=\"https:\/\/i0.wp.com\/cdnoticias.com\/wp-content\/uploads\/2022\/05\/billete-200.jpg?resize=750%2C318&#038;ssl=1\" alt=\"\" width=\"750\" height=\"318\" srcset=\"https:\/\/i0.wp.com\/cdnoticias.com\/wp-content\/uploads\/2022\/05\/billete-200.jpg?w=750&amp;ssl=1 750w, https:\/\/i0.wp.com\/cdnoticias.com\/wp-content\/uploads\/2022\/05\/billete-200.jpg?resize=300%2C127&amp;ssl=1 300w\" sizes=\"auto, (max-width: 750px) 100vw, 750px\" \/><\/p>\n<p>&nbsp;<\/p>\n<p><img data-recalc-dims=\"1\" loading=\"lazy\" decoding=\"async\" class=\"aligncenter wp-image-55416 size-full\" src=\"https:\/\/i0.wp.com\/cdnoticias.com\/wp-content\/uploads\/2022\/05\/billete-100.jpg?resize=750%2C357&#038;ssl=1\" alt=\"\" width=\"750\" height=\"357\" srcset=\"https:\/\/i0.wp.com\/cdnoticias.com\/wp-content\/uploads\/2022\/05\/billete-100.jpg?w=750&amp;ssl=1 750w, https:\/\/i0.wp.com\/cdnoticias.com\/wp-content\/uploads\/2022\/05\/billete-100.jpg?resize=300%2C143&amp;ssl=1 300w\" sizes=\"auto, (max-width: 750px) 100vw, 750px\" \/><\/p>\n<p>&nbsp;<\/p>\n<p>&nbsp;<\/p>\n<p>Al respecto, Fern\u00e1ndez afirm\u00f3 que la decisi\u00f3n de cambiar los billetes de curso legal apunta a \u201c<strong>poner en valor la dimensi\u00f3n de la historia que algunos quieren borrar\u201d<\/strong> y rescatar la figura de \u201chombres y mujeres inmensos y trascendentales que hicieron la Patria que hoy vivimos\u201d.<\/p>\n<p>&nbsp;<\/p>\n<p>Adem\u00e1s a\u00f1adi\u00f3 que \u201c<strong>silenciar a quienes nos dieron una riqueza infinita a nuestra Patria no le hace bien a nuestro colectivo social\u201d.<\/strong><\/p>\n<p>&nbsp;<\/p>\n<p>Asimismo, el mandatario asegur\u00f3 que \u201cla moneda es un s\u00edmbolo de soberan\u00eda y un instrumento de pol\u00edtica econ\u00f3mica al que nunca vamos a renunciar, a pesar de que algunos muchas veces lo han querido\u201d.<\/p>\n<p>&nbsp;<\/p>\n<p>Por \u00faltimo destac\u00f3 que <strong>con esta iniciativa se busca recuperar la memoria,<\/strong> por lo que se pondr\u00e1 a \u201clos mejores hombres y mujeres que dieron todo por la patria en los billetes para recordarlos, porque<strong> los pueblos que pierden su memoria repiten sus errores\u201d.<\/strong><\/p>\n<p>&nbsp;<\/p>\n<p>Por su parte, el presidente del Banco Central (BCRA), Miguel Pesce, afirm\u00f3 que la nueva familia <strong>entrar\u00e1 en circulaci\u00f3n en aproximadamente \u201cseis meses\u201d<\/strong> y que la circulaci\u00f3n de los<strong> billetes con animales desaparecer\u00e1 de forma gradual.<\/strong> \u201cLa sustituci\u00f3n va a ser progresiva. A medida que se deterioren se sacar\u00e1n de circulaci\u00f3n\u201d, precis\u00f3. Tambi\u00e9n inform\u00f3 el BCRA que otra de las novedades de esta familia es que los billetes vuelven a su lectura en formato horizontal de ambos lados. En tanto, los nuevos billetes mantienen la paleta crom\u00e1tica para cada denominaci\u00f3n y conservan el tama\u00f1o de los billetes vigentes. Convivir\u00e1n con los actuales circulantes.<\/p>\n<p>&nbsp;<\/p>\n<p><em>Fuente: DIB\u00a0<\/em><\/p>\n","protected":false},"excerpt":{"rendered":"<p>Los dise\u00f1os que present\u00f3 el Presidente marcan el regreso de los pr\u00f3ceres al papel moneda en reemplazo de los animales.<\/p>\n","protected":false},"author":6,"featured_media":55417,"comment_status":"closed","ping_status":"closed","sticky":false,"template":"","format":"standard","meta":{"_jetpack_memberships_contains_paid_content":false,"footnotes":""},"categories":[6],"tags":[],"class_list":["post-55413","post","type-post","status-publish","format-standard","has-post-thumbnail","hentry","category-nacionales"],"jetpack_featured_media_url":"https:\/\/i0.wp.com\/cdnoticias.com\/wp-content\/uploads\/2022\/05\/billete-500.jpg?fit=750%2C347&ssl=1","jetpack_sharing_enabled":true,"_links":{"self":[{"href":"https:\/\/cdnoticias.com\/index.php\/wp-json\/wp\/v2\/posts\/55413","targetHints":{"allow":["GET"]}}],"collection":[{"href":"https:\/\/cdnoticias.com\/index.php\/wp-json\/wp\/v2\/posts"}],"about":[{"href":"https:\/\/cdnoticias.com\/index.php\/wp-json\/wp\/v2\/types\/post"}],"author":[{"embeddable":true,"href":"https:\/\/cdnoticias.com\/index.php\/wp-json\/wp\/v2\/users\/6"}],"replies":[{"embeddable":true,"href":"https:\/\/cdnoticias.com\/index.php\/wp-json\/wp\/v2\/comments?post=55413"}],"version-history":[{"count":0,"href":"https:\/\/cdnoticias.com\/index.php\/wp-json\/wp\/v2\/posts\/55413\/revisions"}],"wp:featuredmedia":[{"embeddable":true,"href":"https:\/\/cdnoticias.com\/index.php\/wp-json\/wp\/v2\/media\/55417"}],"wp:attachment":[{"href":"https:\/\/cdnoticias.com\/index.php\/wp-json\/wp\/v2\/media?parent=55413"}],"wp:term":[{"taxonomy":"category","embeddable":true,"href":"https:\/\/cdnoticias.com\/index.php\/wp-json\/wp\/v2\/categories?post=55413"},{"taxonomy":"post_tag","embeddable":true,"href":"https:\/\/cdnoticias.com\/index.php\/wp-json\/wp\/v2\/tags?post=55413"}],"curies":[{"name":"wp","href":"https:\/\/api.w.org\/{rel}","templated":true}]}}