{"id":55411,"date":"2022-05-23T19:02:25","date_gmt":"2022-05-23T22:02:25","guid":{"rendered":"https:\/\/www.centraldenoticias.com.ar\/?p=55411"},"modified":"2022-05-23T19:02:25","modified_gmt":"2022-05-23T22:02:25","slug":"participacion-maria-irene-blanco-de-achuello-q-e-p-d","status":"publish","type":"post","link":"https:\/\/cdnoticias.com\/index.php\/2022\/05\/23\/participacion-maria-irene-blanco-de-achuello-q-e-p-d\/","title":{"rendered":"Participaci\u00f3n &#8211; Mar\u00eda Irene Blanco de Achuello (Q.E.P.D.)"},"content":{"rendered":"<p>Falleci\u00f3 en Olavarr\u00eda el 23 de mayo de 2022 a los 74 a\u00f1os. El Honorable Concejo Deliberante de Olavarr\u00eda participa su fallecimiento y acompa\u00f1a a la familia y amigos en este dif\u00edcil momento.<\/p>\n<p>&nbsp;<\/p>\n<p>Sus restos ser\u00e1n velados este martes a las 08:30 horas en la Sala de Espa\u00f1a 2942 departamento \u201cD\u201d e inhumados en el Cementerio Loma de Paz a la 11:30 horas. Servicio adherido a Coopelectric.<\/p>\n","protected":false},"excerpt":{"rendered":"<p>Falleci\u00f3 en Olavarr\u00eda el 23 de mayo de 2022 a los 74 a\u00f1os. El Honorable Concejo Deliberante de Olavarr\u00eda participa<\/p>\n","protected":false},"author":2,"featured_media":51544,"comment_status":"closed","ping_status":"closed","sticky":false,"template":"","format":"standard","meta":{"_jetpack_memberships_contains_paid_content":false,"footnotes":""},"categories":[10],"tags":[],"class_list":["post-55411","post","type-post","status-publish","format-standard","has-post-thumbnail","hentry","category-necrologicas"],"jetpack_featured_media_url":"https:\/\/i0.wp.com\/cdnoticias.com\/wp-content\/uploads\/2022\/04\/necrologicas-390-x-240.jpg?fit=390%2C240&ssl=1","jetpack_sharing_enabled":true,"_links":{"self":[{"href":"https:\/\/cdnoticias.com\/index.php\/wp-json\/wp\/v2\/posts\/55411","targetHints":{"allow":["GET"]}}],"collection":[{"href":"https:\/\/cdnoticias.com\/index.php\/wp-json\/wp\/v2\/posts"}],"about":[{"href":"https:\/\/cdnoticias.com\/index.php\/wp-json\/wp\/v2\/types\/post"}],"author":[{"embeddable":true,"href":"https:\/\/cdnoticias.com\/index.php\/wp-json\/wp\/v2\/users\/2"}],"replies":[{"embeddable":true,"href":"https:\/\/cdnoticias.com\/index.php\/wp-json\/wp\/v2\/comments?post=55411"}],"version-history":[{"count":0,"href":"https:\/\/cdnoticias.com\/index.php\/wp-json\/wp\/v2\/posts\/55411\/revisions"}],"wp:featuredmedia":[{"embeddable":true,"href":"https:\/\/cdnoticias.com\/index.php\/wp-json\/wp\/v2\/media\/51544"}],"wp:attachment":[{"href":"https:\/\/cdnoticias.com\/index.php\/wp-json\/wp\/v2\/media?parent=55411"}],"wp:term":[{"taxonomy":"category","embeddable":true,"href":"https:\/\/cdnoticias.com\/index.php\/wp-json\/wp\/v2\/categories?post=55411"},{"taxonomy":"post_tag","embeddable":true,"href":"https:\/\/cdnoticias.com\/index.php\/wp-json\/wp\/v2\/tags?post=55411"}],"curies":[{"name":"wp","href":"https:\/\/api.w.org\/{rel}","templated":true}]}}