{"id":5541,"date":"2020-11-03T17:13:33","date_gmt":"2020-11-03T20:13:33","guid":{"rendered":"http:\/\/www.centraldenoticias.com.ar\/?p=5541"},"modified":"2020-11-03T18:12:38","modified_gmt":"2020-11-03T21:12:38","slug":"alumnos-locales-distinguidos-en-un-concurso-provincial-de-memoria-y-derechos-humanos","status":"publish","type":"post","link":"https:\/\/cdnoticias.com\/index.php\/2020\/11\/03\/alumnos-locales-distinguidos-en-un-concurso-provincial-de-memoria-y-derechos-humanos\/","title":{"rendered":"Alumnos locales distinguidos en un concurso  provincial de Memoria y Derechos Humanos"},"content":{"rendered":"<p>Fue en el marco del Concurso \u201cFuturo Malvinas\u201d, impulsado desde la Subsecretar\u00eda de Derechos Humanos. Se trat\u00f3 de alumnos de las Escuelas Secundaria 1, Fray Mamerto Esqui\u00fa y Rosario.<\/p>\n<p><!--more--><\/p>\n<hr \/>\n<p><strong>En las \u00faltimas horas el Ministerio de Justicia y Derechos Humanos dio a conocer el dictamen con los ganadores del Concurso de Escuela Provincial de Derechos Humanos<\/strong>. Se trat\u00f3 de varias tem\u00e1ticas con ejes en la Memoria, Verdad, Justicia y, precisamente, Derechos Humanos. El dato, <strong>varios estudiantes locales entre los galardonados<\/strong>.<\/p>\n<p>&nbsp;<\/p>\n<p><strong>Seg\u00fan se precis\u00f3, el\u00a0Programa Futuro Malvinas fue lanzado por la Subsecretar\u00eda de Derechos Humanos de la Provincia de Buenos Aires y el Centro de Ex-Combatientes Islas Malvinas de La Plata<\/strong> con el objetivo de pensar la cuesti\u00f3n Malvinas vinculada a los ejes Soberan\u00eda, Memoria y Derechos Humanos junto a las juventudes del territorio bonaerense.<\/p>\n<p>&nbsp;<\/p>\n<p><strong>Uno de esos ejes fue denominado como \u201cFuturo Malvinas\u201d y cont\u00f3 con la participaci\u00f3n de establecimientos educativos locales<\/strong>. Lo relevante es que en las \u00faltimas horas se dieron a conocer los ganadores de las producciones enviadas semanas atr\u00e1s, entre las cuales hay varios alumnos de nuestra ciudad entre los galardonados.<\/p>\n<p>&nbsp;<\/p>\n<p><strong>El Instituto Nuestra Se\u00f1ora del Rosario, m\u00e1s precisamente las estudiantes de sexto sociales Agustina Erviti, Clara Far\u00edas, Valentina Mondi y Agustina Pin<\/strong>i, con el acompa\u00f1amiento y coordinaci\u00f3n de las docentes Laura Hoffman y Mari\u00e1ngeles Glok Galli, fueron las ganadoras en la categor\u00eda Malvinas, Dictadura y Memoria.<\/p>\n<p>&nbsp;<\/p>\n<div class=\"jetpack-video-wrapper\"><iframe loading=\"lazy\" width=\"800\" height=\"450\" src=\"https:\/\/www.youtube.com\/embed\/D0fVN_wzLRA?feature=oembed\" frameborder=\"0\" allow=\"accelerometer; autoplay; clipboard-write; encrypted-media; gyroscope; picture-in-picture\" allowfullscreen><\/iframe><\/div>\n<p>&nbsp;<\/p>\n<p>Las alumnas presentaron un material audiovisual que el establecimiento educativo local difundi\u00f3 a trav\u00e9s de sus redes sociales en las \u00faltimas horas. <strong>Como premio ganaron una visita al Espacio de la Memoria donde funcion\u00f3 la Escuela Mec\u00e1nica de la Armada, recorrida que podr\u00e1n realizar una vez que se levanten las medidas de confinamiento.<\/strong><\/p>\n<p>&nbsp;<\/p>\n<p><strong>La Escuela Secundaria 1, del barrio Bancario, por su parte, logr\u00f3 dos menciones especiales que correspondieron a distintos grupos de la divisi\u00f3n 5\u00b0 3ra del turno vespertino<\/strong>. Se trat\u00f3 del denominado Grupo Army, integrado por Samira L\u00f3pez y Johana Gonz\u00e1lez, con el acompa\u00f1amiento de las docentes Laura Di Lena y Romina Cerdera, quienes llevaron adelante un folleto con la tem\u00e1tica \u201csoberan\u00eda y bienes naturales\u201d.<\/p>\n<p>&nbsp;<\/p>\n<p><img data-recalc-dims=\"1\" loading=\"lazy\" decoding=\"async\" class=\"alignnone size-large wp-image-5543\" src=\"https:\/\/i0.wp.com\/cdnoticias.com\/wp-content\/uploads\/2020\/11\/WhatsApp-Image-2020-11-03-at-16.18.32.jpeg?resize=800%2C589&#038;ssl=1\" alt=\"\" width=\"800\" height=\"589\" srcset=\"https:\/\/i0.wp.com\/cdnoticias.com\/wp-content\/uploads\/2020\/11\/WhatsApp-Image-2020-11-03-at-16.18.32.jpeg?resize=1024%2C754&amp;ssl=1 1024w, https:\/\/i0.wp.com\/cdnoticias.com\/wp-content\/uploads\/2020\/11\/WhatsApp-Image-2020-11-03-at-16.18.32.jpeg?resize=300%2C221&amp;ssl=1 300w, https:\/\/i0.wp.com\/cdnoticias.com\/wp-content\/uploads\/2020\/11\/WhatsApp-Image-2020-11-03-at-16.18.32.jpeg?resize=768%2C565&amp;ssl=1 768w, https:\/\/i0.wp.com\/cdnoticias.com\/wp-content\/uploads\/2020\/11\/WhatsApp-Image-2020-11-03-at-16.18.32.jpeg?w=1280&amp;ssl=1 1280w\" sizes=\"auto, (max-width: 800px) 100vw, 800px\" \/><\/p>\n<p>&nbsp;<\/p>\n<p><strong>A la par, tambi\u00e9n fue distinguida la presentaci\u00f3n realizada por Martina Bazzano, Gianella Green, Gianella, Roc\u00edo Larralde y Micaela Picazo, quienes hicieron un ensayo literario sobre el rol de la mujer en la guerra<\/strong>. \u201cMujeres en lucha\u201d, fue el nombre del trabajo, que cont\u00f3 tambi\u00e9n con el acompa\u00f1amiento de la docente Romina Cerdera.<\/p>\n<p>&nbsp;<\/p>\n<p>Por \u00faltimo, <strong>alumnos de 6\u00b0 a\u00f1o de la escuela Fray Mamerto Esqui\u00fa fueron los ganadores en el eje tem\u00e1tico denominado \u201cMalvinas, ayer y hoy\u201d<\/strong>. Todos los alumnos distinguidos viajar\u00e1n a la Capital Federal una vez que las medidas sanitarias lo permitan. Vale destacar, por \u00faltimo, que se cont\u00f3 con la colaboraci\u00f3n de la Delegada local en Derechos Humanos Griselda Lemiez.<\/p>\n<p>&nbsp;<\/p>\n","protected":false},"excerpt":{"rendered":"<p>Fue en el marco del Concurso \u201cFuturo Malvinas\u201d, impulsado desde la Subsecretar\u00eda de Derechos Humanos. Se trat\u00f3 de alumnos de<\/p>\n","protected":false},"author":3,"featured_media":5542,"comment_status":"closed","ping_status":"closed","sticky":false,"template":"","format":"standard","meta":{"_jetpack_memberships_contains_paid_content":false,"footnotes":""},"categories":[5,1],"tags":[],"class_list":["post-5541","post","type-post","status-publish","format-standard","has-post-thumbnail","hentry","category-informacion-general","category-portada"],"jetpack_featured_media_url":"https:\/\/i0.wp.com\/cdnoticias.com\/wp-content\/uploads\/2020\/11\/malv.jpg?fit=1222%2C711&ssl=1","jetpack_sharing_enabled":true,"_links":{"self":[{"href":"https:\/\/cdnoticias.com\/index.php\/wp-json\/wp\/v2\/posts\/5541","targetHints":{"allow":["GET"]}}],"collection":[{"href":"https:\/\/cdnoticias.com\/index.php\/wp-json\/wp\/v2\/posts"}],"about":[{"href":"https:\/\/cdnoticias.com\/index.php\/wp-json\/wp\/v2\/types\/post"}],"author":[{"embeddable":true,"href":"https:\/\/cdnoticias.com\/index.php\/wp-json\/wp\/v2\/users\/3"}],"replies":[{"embeddable":true,"href":"https:\/\/cdnoticias.com\/index.php\/wp-json\/wp\/v2\/comments?post=5541"}],"version-history":[{"count":0,"href":"https:\/\/cdnoticias.com\/index.php\/wp-json\/wp\/v2\/posts\/5541\/revisions"}],"wp:featuredmedia":[{"embeddable":true,"href":"https:\/\/cdnoticias.com\/index.php\/wp-json\/wp\/v2\/media\/5542"}],"wp:attachment":[{"href":"https:\/\/cdnoticias.com\/index.php\/wp-json\/wp\/v2\/media?parent=5541"}],"wp:term":[{"taxonomy":"category","embeddable":true,"href":"https:\/\/cdnoticias.com\/index.php\/wp-json\/wp\/v2\/categories?post=5541"},{"taxonomy":"post_tag","embeddable":true,"href":"https:\/\/cdnoticias.com\/index.php\/wp-json\/wp\/v2\/tags?post=5541"}],"curies":[{"name":"wp","href":"https:\/\/api.w.org\/{rel}","templated":true}]}}