{"id":55399,"date":"2022-05-23T18:54:54","date_gmt":"2022-05-23T21:54:54","guid":{"rendered":"https:\/\/www.centraldenoticias.com.ar\/?p=55399"},"modified":"2022-05-23T18:54:54","modified_gmt":"2022-05-23T21:54:54","slug":"tomas-correa-hacer-el-disco-lo-senti-como-cerrar-una-etapa-de-mi-vida-que-habia-sido-un-temporal","status":"publish","type":"post","link":"https:\/\/cdnoticias.com\/index.php\/2022\/05\/23\/tomas-correa-hacer-el-disco-lo-senti-como-cerrar-una-etapa-de-mi-vida-que-habia-sido-un-temporal\/","title":{"rendered":"Tom\u00e1s Correa: &#8220;hacer el disco lo sent\u00ed como cerrar una etapa de mi vida que hab\u00eda sido un temporal&#8221;"},"content":{"rendered":"<p>Este martes 24 de mayo sale el primer disco solista del m\u00fasico olavarriense. Los detalles del proceso y las expectativas ante el estreno. <!--more--><\/p>\n<hr \/>\n<p><em>Por: Danisa Jaime<\/em><\/p>\n<p>&nbsp;<\/p>\n<p>El <strong>m\u00fasico olavarriense Tom\u00e1s Correa<\/strong> lanza este<strong> martes 24 de mayo su primer disco solista titulado <\/strong><em><strong>&#8220;Temporal&#8221;<\/strong> <\/em>el cual fue grabado durante la cuarentena entre julio y diciembre de 2020.<\/p>\n<p>&nbsp;<\/p>\n<p>El disco cuenta con siete canciones, dos de ellas de modo instrumental y contiene diferentes g\u00e9neros: <strong>desde el rock y las ra\u00edces folcl\u00f3ricas al pop, blues y bases tangueras.<\/strong><\/p>\n<p>&nbsp;<\/p>\n<p><strong><em>&#8220;Temporal&#8221;<\/em><\/strong> cuenta con la producci\u00f3n de <strong>Gonzalo Cabri<\/strong> mientras que<strong> Facundo Gigena<\/strong> realiz\u00f3 la mezcla, edici\u00f3n y master. Adem\u00e1s, se encuentran <strong>Santiago De la Vega<\/strong> en bajos y <strong>Samuel Carabajal<\/strong> en bater\u00edas. Por \u00faltimo cuenta con la participaci\u00f3n de dos artistas invitados: <strong>Ignacio Montoya Carlotto y Rodo De la Vega.<\/strong><\/p>\n<p>&nbsp;<\/p>\n<p><strong><em>Central de Noticias<\/em> dialog\u00f3 con Tom\u00e1s Correa<\/strong> quien coment\u00f3 que &#8220;en la cuarentena encontr\u00e9 el momento para empezar a componer algunos temas nuevos y algunos que ya ten\u00eda. Todos los m\u00fasicos con los que nos pusimos a trabajar se pusieron a disposici\u00f3n con toda la buena onda y todo el talento que tienen. Fue mucho m\u00e1s natural y mucho m\u00e1s din\u00e1mico de lo que quiz\u00e1s normalmente es armar un equipo de trabajo en otras condiciones. <strong>Estamos muy contentos, fue como hacer un zoom con amigues&#8221;.<\/strong><\/p>\n<p>&nbsp;<\/p>\n<p>En cuanto a su primer disco solista, el m\u00fasico indic\u00f3 que &#8220;<strong>es un poco salir a mostrar algo que sea \u00edntegramente m\u00edo<\/strong>. M\u00e1s all\u00e1 de las bandas donde labur\u00e9, Resignados fue la banda m\u00e1s importante y m\u00e1s nuestra con mis amigos y siempre terminas teniendo una distribuci\u00f3n en los roles o en la composici\u00f3n. Termina siendo algo muy colectivo, pero al momento de ser solista se siente diferente.<strong> Ac\u00e1 puse todo lo que tenia de mi y es esa emoci\u00f3n de salir a mostrar algo que tenga tu voz y tus sentimientos&#8221;.<\/strong><\/p>\n<p>&nbsp;<\/p>\n<p><strong>Enfrentar el temporal\u00a0\u00a0<\/strong><\/p>\n<p>&nbsp;<\/p>\n<p>El <strong>primer disco solista del m\u00fasico olavarriense fue titulado <em>&#8220;Temporal&#8221; <\/em><\/strong>en primera instancia, porque fue uno de los primeros temas con el cual comienza a surgir la idea de este proyecto. Recordemos que adem\u00e1s fue uno de los anticipos disponibles junto a <em>&#8220;Estreno&#8221;.<\/em><\/p>\n<p>&nbsp;<\/p>\n<p>&#8220;Esta canci\u00f3n la hice al <strong>principio de la pandemia<\/strong> pensando en todo lo que ocurr\u00eda alrededor y tambi\u00e9n<strong> hacer el disco lo sent\u00ed como cerrar una etapa de mi vida que hab\u00eda sido un temporal.<\/strong> Era salir un poco de eso, tambi\u00e9n tiene esa connotaci\u00f3n el nombre del disco de decir bueno, <strong>\u00bfC\u00f3mo se sale de un temporal? Un poco con arte y un poco exteriorizando lo que pasa adentro de cada uno<\/strong>. Fue a diferentes niveles cada uno lo toma como quiere, pero siempre se puede salir&#8221; explic\u00f3 el m\u00fasico.<\/p>\n<p>&nbsp;<\/p>\n<p><img data-recalc-dims=\"1\" loading=\"lazy\" decoding=\"async\" class=\"aligncenter wp-image-55401 size-full\" src=\"https:\/\/i0.wp.com\/cdnoticias.com\/wp-content\/uploads\/2022\/05\/Temporal.jpeg?resize=800%2C800&#038;ssl=1\" alt=\"\" width=\"800\" height=\"800\" srcset=\"https:\/\/i0.wp.com\/cdnoticias.com\/wp-content\/uploads\/2022\/05\/Temporal.jpeg?w=800&amp;ssl=1 800w, https:\/\/i0.wp.com\/cdnoticias.com\/wp-content\/uploads\/2022\/05\/Temporal.jpeg?resize=300%2C300&amp;ssl=1 300w, https:\/\/i0.wp.com\/cdnoticias.com\/wp-content\/uploads\/2022\/05\/Temporal.jpeg?resize=150%2C150&amp;ssl=1 150w, https:\/\/i0.wp.com\/cdnoticias.com\/wp-content\/uploads\/2022\/05\/Temporal.jpeg?resize=768%2C768&amp;ssl=1 768w\" sizes=\"auto, (max-width: 800px) 100vw, 800px\" \/><\/p>\n<p>&nbsp;<\/p>\n<p>El disco <strong>estar\u00e1 disponible a partir de las 20:00 de este martes<\/strong> en las <strong>plataformas digitales YouTube y Spotify<\/strong>. &#8220;Lo espero con ansiedad y emoci\u00f3n. Va a ser movilizante, las expectativas que yo ten\u00eda era poder mostrar las canciones que llevaba guardadas en el \u00faltimo tiempo y ya van a estar cumplidas. <strong>Espero que la gente lo reciba bien y que cada uno se pueda sentir acompa\u00f1ado e interpelado por las letras y la m\u00fasica<\/strong>&#8221; cerr\u00f3.<\/p>\n<p>&nbsp;<\/p>\n<p>&nbsp;<\/p>\n","protected":false},"excerpt":{"rendered":"<p>Este martes 24 de mayo sale el primer disco solista del m\u00fasico olavarriense. Los detalles del proceso y las expectativas<\/p>\n","protected":false},"author":6,"featured_media":55407,"comment_status":"closed","ping_status":"closed","sticky":false,"template":"","format":"standard","meta":{"_jetpack_memberships_contains_paid_content":false,"footnotes":""},"categories":[9,1],"tags":[],"class_list":["post-55399","post","type-post","status-publish","format-standard","has-post-thumbnail","hentry","category-cultura","category-portada"],"jetpack_featured_media_url":"https:\/\/i0.wp.com\/cdnoticias.com\/wp-content\/uploads\/2022\/05\/12249791_10208044910149874_5006375783977240697_n.jpg?fit=960%2C640&ssl=1","jetpack_sharing_enabled":true,"_links":{"self":[{"href":"https:\/\/cdnoticias.com\/index.php\/wp-json\/wp\/v2\/posts\/55399","targetHints":{"allow":["GET"]}}],"collection":[{"href":"https:\/\/cdnoticias.com\/index.php\/wp-json\/wp\/v2\/posts"}],"about":[{"href":"https:\/\/cdnoticias.com\/index.php\/wp-json\/wp\/v2\/types\/post"}],"author":[{"embeddable":true,"href":"https:\/\/cdnoticias.com\/index.php\/wp-json\/wp\/v2\/users\/6"}],"replies":[{"embeddable":true,"href":"https:\/\/cdnoticias.com\/index.php\/wp-json\/wp\/v2\/comments?post=55399"}],"version-history":[{"count":0,"href":"https:\/\/cdnoticias.com\/index.php\/wp-json\/wp\/v2\/posts\/55399\/revisions"}],"wp:featuredmedia":[{"embeddable":true,"href":"https:\/\/cdnoticias.com\/index.php\/wp-json\/wp\/v2\/media\/55407"}],"wp:attachment":[{"href":"https:\/\/cdnoticias.com\/index.php\/wp-json\/wp\/v2\/media?parent=55399"}],"wp:term":[{"taxonomy":"category","embeddable":true,"href":"https:\/\/cdnoticias.com\/index.php\/wp-json\/wp\/v2\/categories?post=55399"},{"taxonomy":"post_tag","embeddable":true,"href":"https:\/\/cdnoticias.com\/index.php\/wp-json\/wp\/v2\/tags?post=55399"}],"curies":[{"name":"wp","href":"https:\/\/api.w.org\/{rel}","templated":true}]}}