{"id":55393,"date":"2022-05-23T17:29:30","date_gmt":"2022-05-23T20:29:30","guid":{"rendered":"https:\/\/www.centraldenoticias.com.ar\/?p=55393"},"modified":"2022-05-23T17:29:30","modified_gmt":"2022-05-23T20:29:30","slug":"maria-irene-blanco-de-achuello-q-e-p-d","status":"publish","type":"post","link":"https:\/\/cdnoticias.com\/index.php\/2022\/05\/23\/maria-irene-blanco-de-achuello-q-e-p-d\/","title":{"rendered":"Mar\u00eda Irene Blanco de Achuello (Q.E.P.D.)"},"content":{"rendered":"<p>Falleci\u00f3 en Olavarr\u00eda el d\u00eda 23 de mayo de 2022 a los 74 a\u00f1os. Su esposo Dr. Carlos Alberto Achuello, sus sobrinas Jimena Granel Blanco y Romina Granel Blanco, su sobrina nieta Marlen Galanti, su cu\u00f1ado Ernesto Granel, su hermana en el afecto Graciela Bensabath de Giangreco y dem\u00e1s deudos participan de su fallecimiento.<\/p>\n<p>&nbsp;<\/p>\n<p>Velatorio: Espa\u00f1a 2942 departamento &#8221;D&#8221; 24 de mayo de 2022 8:30. Responso: Capilla ardiente. Inhumaci\u00f3n: Cementerio Loma de Paz, martes 24 de mayo a las 11:30. Servicio adherido a Coopelectric.<\/p>\n<p>Barrio en el que viv\u00eda: Pueblo Nuevo<\/p>\n<p>Lugar de nacimiento: Olavarr\u00eda<\/p>\n<p>Actividad que desarrollaba: Ex Docente y Ex Concejal de Olavarr\u00eda.<\/p>\n","protected":false},"excerpt":{"rendered":"<p>Falleci\u00f3 en Olavarr\u00eda el d\u00eda 23 de mayo de 2022 a los 74 a\u00f1os. Su esposo Dr. Carlos Alberto Achuello,<\/p>\n","protected":false},"author":6,"featured_media":51544,"comment_status":"closed","ping_status":"closed","sticky":false,"template":"","format":"standard","meta":{"_jetpack_memberships_contains_paid_content":false,"footnotes":""},"categories":[10],"tags":[],"class_list":["post-55393","post","type-post","status-publish","format-standard","has-post-thumbnail","hentry","category-necrologicas"],"jetpack_featured_media_url":"https:\/\/i0.wp.com\/cdnoticias.com\/wp-content\/uploads\/2022\/04\/necrologicas-390-x-240.jpg?fit=390%2C240&ssl=1","jetpack_sharing_enabled":true,"_links":{"self":[{"href":"https:\/\/cdnoticias.com\/index.php\/wp-json\/wp\/v2\/posts\/55393","targetHints":{"allow":["GET"]}}],"collection":[{"href":"https:\/\/cdnoticias.com\/index.php\/wp-json\/wp\/v2\/posts"}],"about":[{"href":"https:\/\/cdnoticias.com\/index.php\/wp-json\/wp\/v2\/types\/post"}],"author":[{"embeddable":true,"href":"https:\/\/cdnoticias.com\/index.php\/wp-json\/wp\/v2\/users\/6"}],"replies":[{"embeddable":true,"href":"https:\/\/cdnoticias.com\/index.php\/wp-json\/wp\/v2\/comments?post=55393"}],"version-history":[{"count":0,"href":"https:\/\/cdnoticias.com\/index.php\/wp-json\/wp\/v2\/posts\/55393\/revisions"}],"wp:featuredmedia":[{"embeddable":true,"href":"https:\/\/cdnoticias.com\/index.php\/wp-json\/wp\/v2\/media\/51544"}],"wp:attachment":[{"href":"https:\/\/cdnoticias.com\/index.php\/wp-json\/wp\/v2\/media?parent=55393"}],"wp:term":[{"taxonomy":"category","embeddable":true,"href":"https:\/\/cdnoticias.com\/index.php\/wp-json\/wp\/v2\/categories?post=55393"},{"taxonomy":"post_tag","embeddable":true,"href":"https:\/\/cdnoticias.com\/index.php\/wp-json\/wp\/v2\/tags?post=55393"}],"curies":[{"name":"wp","href":"https:\/\/api.w.org\/{rel}","templated":true}]}}