{"id":55386,"date":"2022-05-23T14:37:53","date_gmt":"2022-05-23T17:37:53","guid":{"rendered":"https:\/\/www.centraldenoticias.com.ar\/?p=55386"},"modified":"2022-05-23T14:37:53","modified_gmt":"2022-05-23T17:37:53","slug":"el-ministro-de-salud-insiste-en-que-hay-muchisimos-casos-de-covid-19","status":"publish","type":"post","link":"https:\/\/cdnoticias.com\/index.php\/2022\/05\/23\/el-ministro-de-salud-insiste-en-que-hay-muchisimos-casos-de-covid-19\/","title":{"rendered":"El ministro de Salud insiste en que hay \u201cmuch\u00edsimos casos de Covid-19\u201d"},"content":{"rendered":"<p>Pidi\u00f3 que no deje de usarse el barbijo. \u201cLa velocidad del crecimiento ha sido muy fuerte en las \u00faltimas tres o cuatro semanas\u201d, dijo Nicol\u00e1s Kreplak.<!--more--><\/p>\n<hr \/>\n<p><strong>El ministro de Salud bonaerense, Nicol\u00e1s Kreplak, afirm\u00f3 este lunes que existen \u201cmuch\u00edsimos casos de Covid-19\u201d<\/strong> y destac\u00f3 que \u201cla velocidad del crecimiento de los contagios ha sido muy fuerte en las \u00faltimas tres o cuatro semanas\u201d, por lo que advirti\u00f3 que<strong> \u201cel barbijo no deber\u00eda no usarse\u201d<\/strong>, incluso en entornos escolares.<\/p>\n<p>&nbsp;<\/p>\n<blockquote><p>\u201cTenemos una buena y una mala noticia con respecto al Covid. La mala es que sigue circulando, ha mutado bastante el virus y hay una subvariante de la \u00d3micron, m\u00e1s contagiosa: la BA.2. Lo positivo es que con la misma vacuna, conseguimos el mismo efecto\u201d, afirm\u00f3 el funcionario en declaraciones a FM La Patriada.<\/p><\/blockquote>\n<p>&nbsp;<\/p>\n<p>En ese marco, <strong>pidi\u00f3 a la poblaci\u00f3n que complete los esquemas de vacunaci\u00f3n<\/strong> y record\u00f3 que la <strong>cuarta dosis<\/strong> en territorio bonaerense es \u201clibre y federal\u201d, con lo cual \u201ccualquiera que haya cumplido los cuatro meses desde la \u00faltima aplicaci\u00f3n puede acercarse a una posta y recibir la vacuna\u201d.<\/p>\n<p>&nbsp;<\/p>\n<p>El Ministerio de Salud de la Naci\u00f3n inform\u00f3 que <strong>se registraron 43.487 nuevos casos de coronavirus en la \u00faltima semana (con un alza del 27,9% con respecto al periodo anterior)<\/strong> y otras 49 muertes a causa de la enfermedad.<\/p>\n<p>&nbsp;<\/p>\n<p><img data-recalc-dims=\"1\" loading=\"lazy\" decoding=\"async\" class=\"size-full wp-image-55387 aligncenter\" src=\"https:\/\/i0.wp.com\/cdnoticias.com\/wp-content\/uploads\/2022\/05\/DIB-kreplak-avellaneda-nv-696x463-1.jpg?resize=696%2C463&#038;ssl=1\" alt=\"\" width=\"696\" height=\"463\" srcset=\"https:\/\/i0.wp.com\/cdnoticias.com\/wp-content\/uploads\/2022\/05\/DIB-kreplak-avellaneda-nv-696x463-1.jpg?w=696&amp;ssl=1 696w, https:\/\/i0.wp.com\/cdnoticias.com\/wp-content\/uploads\/2022\/05\/DIB-kreplak-avellaneda-nv-696x463-1.jpg?resize=300%2C200&amp;ssl=1 300w, https:\/\/i0.wp.com\/cdnoticias.com\/wp-content\/uploads\/2022\/05\/DIB-kreplak-avellaneda-nv-696x463-1.jpg?resize=272%2C182&amp;ssl=1 272w\" sizes=\"auto, (max-width: 696px) 100vw, 696px\" \/><\/p>\n<p>&nbsp;<\/p>\n<blockquote><p>\u201cHoy tenemos muchos casos. La velocidad del crecimiento ha sido muy fuerte en las \u00faltimas tres o cuatro semanas. Por el momento, no hay un impacto significativo en las internaciones. Quiz\u00e1s haya alg\u00fan aumento, pero de ninguna manera como en el 2020, el 2021 o enero de este a\u00f1o\u201d, admiti\u00f3 y atribuy\u00f3 ese hecho al efecto positivo de las vacunas ya que \u201cel virus es igual de letal que antes\u201d.<\/p><\/blockquote>\n<p>&nbsp;<\/p>\n<p>Luego, expuso que \u201cno es cierto que cuando viene el invierno uno se enferma porque toma fr\u00edo; se enferma cuando est\u00e1 en un lugar cerrado con poca ventilaci\u00f3n con los virus que est\u00e1n circulando\u201d y recalc\u00f3 que <strong>\u201chay que usar barbijo en los lugares cerrados y ventilar bien\u201d<\/strong>.<\/p>\n<p>&nbsp;<\/p>\n<p>En esa l\u00ednea, aclar\u00f3 que \u201cno es necesario hisopar a todas las personas para saber el diagn\u00f3stico\u201d y recomend\u00f3 que <strong>\u201ccualquier persona que sea sintom\u00e1tica, debe quedarse en su casa\u201d<\/strong>.<\/p>\n<p>&nbsp;<\/p>\n<p><img data-recalc-dims=\"1\" loading=\"lazy\" decoding=\"async\" class=\"aligncenter wp-image-49574 size-large\" src=\"https:\/\/i0.wp.com\/cdnoticias.com\/wp-content\/uploads\/2022\/03\/barbijos-1068x709-1.jpg?resize=800%2C531&#038;ssl=1\" alt=\"\" width=\"800\" height=\"531\" srcset=\"https:\/\/i0.wp.com\/cdnoticias.com\/wp-content\/uploads\/2022\/03\/barbijos-1068x709-1.jpg?resize=1024%2C680&amp;ssl=1 1024w, https:\/\/i0.wp.com\/cdnoticias.com\/wp-content\/uploads\/2022\/03\/barbijos-1068x709-1.jpg?resize=300%2C199&amp;ssl=1 300w, https:\/\/i0.wp.com\/cdnoticias.com\/wp-content\/uploads\/2022\/03\/barbijos-1068x709-1.jpg?resize=768%2C510&amp;ssl=1 768w, https:\/\/i0.wp.com\/cdnoticias.com\/wp-content\/uploads\/2022\/03\/barbijos-1068x709-1.jpg?resize=272%2C182&amp;ssl=1 272w, https:\/\/i0.wp.com\/cdnoticias.com\/wp-content\/uploads\/2022\/03\/barbijos-1068x709-1.jpg?w=1068&amp;ssl=1 1068w\" sizes=\"auto, (max-width: 800px) 100vw, 800px\" \/><\/p>\n<p>&nbsp;<\/p>\n<blockquote><p>\u201cAnte la aparici\u00f3n de s\u00edntomas, hay que quedarse en casa si est\u00e1 vacunado hasta 5 d\u00edas y a partir de ah\u00ed, 5 d\u00edas con m\u00e1ximo cuidado. Adem\u00e1s, hay que evitar contactos con personas de riesgo. No es necesario ning\u00fan PCR o testeos. No es como antes que buscamos cada caso para aislar y reducir la cadena de contagios ya que eso tiene impacto en la econom\u00eda cuando no hay aumentos de internaciones\u201d, aclar\u00f3.<\/p><\/blockquote>\n<p>&nbsp;<\/p>\n<p>El ministro manifest\u00f3 que<strong> \u201cel barbijo no deber\u00eda dejar de usarse en las escuelas\u201d<\/strong>, pidi\u00f3 \u201cno mandar a los chicos con s\u00edntomas\u201d, reiter\u00f3 que \u201chay que usar barbijo\u201d y opin\u00f3 que \u201ces necesario que las maestras y los padres se lo pidan a los chicos porque hay riesgo en las escuelas\u201d.<\/p>\n<p>&nbsp;<\/p>\n<p>Fuente: <em>Agencia DIB<\/em><\/p>\n","protected":false},"excerpt":{"rendered":"<p>Pidi\u00f3 que no deje de usarse el barbijo. \u201cLa velocidad del crecimiento ha sido muy fuerte en las \u00faltimas tres<\/p>\n","protected":false},"author":4,"featured_media":44796,"comment_status":"closed","ping_status":"closed","sticky":false,"template":"","format":"standard","meta":{"_jetpack_memberships_contains_paid_content":false,"footnotes":""},"categories":[16,1],"tags":[],"class_list":["post-55386","post","type-post","status-publish","format-standard","has-post-thumbnail","hentry","category-covid-19","category-portada"],"jetpack_featured_media_url":"https:\/\/i0.wp.com\/cdnoticias.com\/wp-content\/uploads\/2022\/01\/conferencia-kreplak-00.jpg?fit=800%2C445&ssl=1","jetpack_sharing_enabled":true,"_links":{"self":[{"href":"https:\/\/cdnoticias.com\/index.php\/wp-json\/wp\/v2\/posts\/55386","targetHints":{"allow":["GET"]}}],"collection":[{"href":"https:\/\/cdnoticias.com\/index.php\/wp-json\/wp\/v2\/posts"}],"about":[{"href":"https:\/\/cdnoticias.com\/index.php\/wp-json\/wp\/v2\/types\/post"}],"author":[{"embeddable":true,"href":"https:\/\/cdnoticias.com\/index.php\/wp-json\/wp\/v2\/users\/4"}],"replies":[{"embeddable":true,"href":"https:\/\/cdnoticias.com\/index.php\/wp-json\/wp\/v2\/comments?post=55386"}],"version-history":[{"count":0,"href":"https:\/\/cdnoticias.com\/index.php\/wp-json\/wp\/v2\/posts\/55386\/revisions"}],"wp:featuredmedia":[{"embeddable":true,"href":"https:\/\/cdnoticias.com\/index.php\/wp-json\/wp\/v2\/media\/44796"}],"wp:attachment":[{"href":"https:\/\/cdnoticias.com\/index.php\/wp-json\/wp\/v2\/media?parent=55386"}],"wp:term":[{"taxonomy":"category","embeddable":true,"href":"https:\/\/cdnoticias.com\/index.php\/wp-json\/wp\/v2\/categories?post=55386"},{"taxonomy":"post_tag","embeddable":true,"href":"https:\/\/cdnoticias.com\/index.php\/wp-json\/wp\/v2\/tags?post=55386"}],"curies":[{"name":"wp","href":"https:\/\/api.w.org\/{rel}","templated":true}]}}