{"id":55382,"date":"2022-05-24T09:23:41","date_gmt":"2022-05-24T12:23:41","guid":{"rendered":"https:\/\/www.centraldenoticias.com.ar\/?p=55382"},"modified":"2022-05-24T09:23:41","modified_gmt":"2022-05-24T12:23:41","slug":"la-provincia-aumenta-en-un-60-las-prestaciones-de-programas-sociales","status":"publish","type":"post","link":"https:\/\/cdnoticias.com\/index.php\/2022\/05\/24\/la-provincia-aumenta-en-un-60-las-prestaciones-de-programas-sociales\/","title":{"rendered":"La Provincia aumenta en un 60% las prestaciones de programas sociales"},"content":{"rendered":"<p>Fue anunciado este lunes para aquellos programas que se encuentran bajo la \u00f3rbita del Ministerio de Desarrollo de la Comunidad.<!--more--><\/p>\n<hr \/>\n<p>El gobernador de la provincia de Buenos Aires, Axel Kicillof, y el ministro de Desarrollo de la Comunidad, Andr\u00e9s Larroque, anunciaron este lunes<strong> aumentos del 60% en programas sociales<\/strong> que est\u00e1n bajo la \u00f3rbita del Ministerio de Desarrollo de la Comunidad.<\/p>\n<p>&nbsp;<\/p>\n<p>Fue en un encuentro en Casa de Gobierno junto al ministro de Hacienda y Finanzas, Pablo L\u00f3pez, y la subsecretaria de Pol\u00edticas Sociales, Juliana Petreigne.<\/p>\n<p>&nbsp;<\/p>\n<p>Se trata de las pol\u00edticas que dependen de la Subsecretar\u00eda de Pol\u00edticas Sociales; del Organismo Provincial de la ni\u00f1ez y adolescencia; y de la Subsecretar\u00eda de Organizaci\u00f3n Comunitaria. La inversi\u00f3n en dichos programas ser\u00e1 de <strong>$1.624.878.834 mensuales<\/strong> con el objetivo de acompa\u00f1ar y dar respuesta a las necesidades de cada grupo social alcanzado.<\/p>\n<p>&nbsp;<\/p>\n<p>\u201cLos aumentos en los programas sociales significan un esfuerzo importante para acompa\u00f1ar a quienes m\u00e1s lo necesitan en este momento. Buscamos garantizar los derechos de los y las bonaerenses, fortaleciendo las pol\u00edticas de inclusi\u00f3n destinadas a las ni\u00f1eces, las y los j\u00f3venes, las personas con discapacidad y las personas mayores\u201d, explic\u00f3 Petreigne.<\/p>\n<p>&nbsp;<\/p>\n<p>Algunas de las prestaciones que recibir\u00e1n los incrementos son:<\/p>\n<p>&nbsp;<\/p>\n<p><strong>Envi\u00f3n:<\/strong> las becas j\u00f3venes alcanzan a 47.871 destinatarios y aumentan a 5.000 pesos. Las becas a tutores contemplan a 3.163 destinatarios y el nuevo monto con aumento es de 8.000 pesos. Por su parte, los Equipos T\u00e9cnicos son 2.764 personas que a partir de ahora perciben 31.500 pesos.<\/p>\n<p>&nbsp;<\/p>\n<p>Las becas <strong>Taller Protegido para Personas con Discapacidad<\/strong> poseen 4.966 destinatarios y con el aumento alcanzan los 6.912 pesos. El Peculio de Talleres Protegidos sube a 2.080 pesos y alcanza a 4.966 destinatarios.<\/p>\n<p>&nbsp;<\/p>\n<p>Los <strong>Hogares para Personas con Discapacidad<\/strong> el valor de las prestaciones aumenta a 39.936 pesos por beca conveniada con la instituci\u00f3n.<\/p>\n<p>&nbsp;<\/p>\n<p>En la modalidad <strong>Centro de D\u00eda para Personas con Discapacidad<\/strong> las instituciones percibir\u00e1n por beca 7.168 pesos con el \u00faltimo aumento.<\/p>\n<p>&nbsp;<\/p>\n<p>El programa de <strong>Hogares Autovalidos y Dependientes para Personas Mayores<\/strong> alcanza con el nuevo aumento los 28.800 pesos y 34.560 pesos respectivamente, por beca conveniada con la instituci\u00f3n.<\/p>\n<p>&nbsp;<\/p>\n<p>El programa <strong>Casa de D\u00eda para Personas Mayores<\/strong> con el aumento del valor de la prestaci\u00f3n alcanza los 4.200 pesos, por beca conveniada con la instituci\u00f3n.<\/p>\n<p>&nbsp;<\/p>\n<p><strong>Hogar Convivencial:<\/strong> las becas aumentan a $38.875 y alcanzan a 2.292 destinatarios.<\/p>\n<p>&nbsp;<\/p>\n","protected":false},"excerpt":{"rendered":"<p>Fue anunciado este lunes para aquellos programas que se encuentran bajo la \u00f3rbita del Ministerio de Desarrollo de la Comunidad.<\/p>\n","protected":false},"author":5,"featured_media":55383,"comment_status":"closed","ping_status":"closed","sticky":false,"template":"","format":"standard","meta":{"_jetpack_memberships_contains_paid_content":false,"footnotes":""},"categories":[6,1],"tags":[],"class_list":["post-55382","post","type-post","status-publish","format-standard","has-post-thumbnail","hentry","category-nacionales","category-portada"],"jetpack_featured_media_url":"https:\/\/i0.wp.com\/cdnoticias.com\/wp-content\/uploads\/2022\/05\/ABL0016_2-scaled.jpg?fit=2560%2C1706&ssl=1","jetpack_sharing_enabled":true,"_links":{"self":[{"href":"https:\/\/cdnoticias.com\/index.php\/wp-json\/wp\/v2\/posts\/55382","targetHints":{"allow":["GET"]}}],"collection":[{"href":"https:\/\/cdnoticias.com\/index.php\/wp-json\/wp\/v2\/posts"}],"about":[{"href":"https:\/\/cdnoticias.com\/index.php\/wp-json\/wp\/v2\/types\/post"}],"author":[{"embeddable":true,"href":"https:\/\/cdnoticias.com\/index.php\/wp-json\/wp\/v2\/users\/5"}],"replies":[{"embeddable":true,"href":"https:\/\/cdnoticias.com\/index.php\/wp-json\/wp\/v2\/comments?post=55382"}],"version-history":[{"count":0,"href":"https:\/\/cdnoticias.com\/index.php\/wp-json\/wp\/v2\/posts\/55382\/revisions"}],"wp:featuredmedia":[{"embeddable":true,"href":"https:\/\/cdnoticias.com\/index.php\/wp-json\/wp\/v2\/media\/55383"}],"wp:attachment":[{"href":"https:\/\/cdnoticias.com\/index.php\/wp-json\/wp\/v2\/media?parent=55382"}],"wp:term":[{"taxonomy":"category","embeddable":true,"href":"https:\/\/cdnoticias.com\/index.php\/wp-json\/wp\/v2\/categories?post=55382"},{"taxonomy":"post_tag","embeddable":true,"href":"https:\/\/cdnoticias.com\/index.php\/wp-json\/wp\/v2\/tags?post=55382"}],"curies":[{"name":"wp","href":"https:\/\/api.w.org\/{rel}","templated":true}]}}