{"id":55378,"date":"2022-05-23T13:30:54","date_gmt":"2022-05-23T16:30:54","guid":{"rendered":"https:\/\/www.centraldenoticias.com.ar\/?p=55378"},"modified":"2022-05-24T07:52:37","modified_gmt":"2022-05-24T10:52:37","slug":"un-pedido-de-ayuda-para-mejorar-la-vida-de-bautista","status":"publish","type":"post","link":"https:\/\/cdnoticias.com\/index.php\/2022\/05\/23\/un-pedido-de-ayuda-para-mejorar-la-vida-de-bautista\/","title":{"rendered":"Un pedido de ayuda para mejorar la vida de Bautista"},"content":{"rendered":"<p>Tiene cuatro a\u00f1os y necesita asistencia para comer y respirar. Su mam\u00e1, Valeria Paz, busca recaudar fondos para comprar los equipos que necesitar\u00e1 de por vida.<!--more--><\/p>\n<hr \/>\n<p><strong>Valeria Paz es la mam\u00e1 de Bautista, un ni\u00f1o que padece problemas de salud que dificultan sus posibilidades de alimentarse y respirar<\/strong>.<\/p>\n<p>&nbsp;<\/p>\n<p>Para poder facilitar su vida diaria y la continuidad de sus tratamientos, que realiza en La Plata y aqu\u00ed en Olavarr\u00eda,<strong> su mam\u00e1 inici\u00f3 una campa\u00f1a de recaudaci\u00f3n de fondos a fin de adquirir distintos equipos.<\/strong><\/p>\n<p>&nbsp;<\/p>\n<p><img data-recalc-dims=\"1\" loading=\"lazy\" decoding=\"async\" class=\"size-full wp-image-55376 aligncenter\" src=\"https:\/\/i0.wp.com\/cdnoticias.com\/wp-content\/uploads\/2022\/05\/pedido-de-ayuda-bautista-00.jpg?resize=800%2C445&#038;ssl=1\" alt=\"\" width=\"800\" height=\"445\" srcset=\"https:\/\/i0.wp.com\/cdnoticias.com\/wp-content\/uploads\/2022\/05\/pedido-de-ayuda-bautista-00.jpg?w=800&amp;ssl=1 800w, https:\/\/i0.wp.com\/cdnoticias.com\/wp-content\/uploads\/2022\/05\/pedido-de-ayuda-bautista-00.jpg?resize=300%2C167&amp;ssl=1 300w, https:\/\/i0.wp.com\/cdnoticias.com\/wp-content\/uploads\/2022\/05\/pedido-de-ayuda-bautista-00.jpg?resize=768%2C427&amp;ssl=1 768w\" sizes=\"auto, (max-width: 800px) 100vw, 800px\" \/><\/p>\n<p>&nbsp;<\/p>\n<p><strong>Bautista tiene cuatro a\u00f1os y padece par\u00e1lisis cerebral esp\u00e1stica<\/strong>. Tiene traqueotom\u00eda y gastrostom\u00eda. Padece apneas apenas central y perif\u00e9rica, y macroglosia. A su vez, sufre de alergia a la prote\u00edna de leche de vaca.<\/p>\n<p>&nbsp;<\/p>\n<blockquote><p>El objetivo de la campa\u00f1a es poder comprarle un aspirador a bater\u00eda, una la mochila de ox\u00edgeno y una bomba de infusi\u00f3n de alimentaci\u00f3n continua. \u201cLo va a necesitar de por vida\u201d enfatiz\u00f3 Valeria.<\/p><\/blockquote>\n<p>&nbsp;<\/p>\n<p>Quienes puedan colaborar<strong> pueden transferir a la cuenta de Mercado Pago cuyo CVU figura en la imagen y el alias es Bautista.valeria.paz<\/strong><\/p>\n","protected":false},"excerpt":{"rendered":"<p>Tiene cuatro a\u00f1os y necesita asistencia para comer y respirar. Su mam\u00e1, Valeria Paz, busca recaudar fondos para comprar los<\/p>\n","protected":false},"author":4,"featured_media":55377,"comment_status":"closed","ping_status":"closed","sticky":false,"template":"","format":"standard","meta":{"_jetpack_memberships_contains_paid_content":false,"footnotes":""},"categories":[5,1],"tags":[],"class_list":["post-55378","post","type-post","status-publish","format-standard","has-post-thumbnail","hentry","category-informacion-general","category-portada"],"jetpack_featured_media_url":"https:\/\/i0.wp.com\/cdnoticias.com\/wp-content\/uploads\/2022\/05\/pedido-de-ayuda-bautista-01.jpg?fit=800%2C444&ssl=1","jetpack_sharing_enabled":true,"_links":{"self":[{"href":"https:\/\/cdnoticias.com\/index.php\/wp-json\/wp\/v2\/posts\/55378","targetHints":{"allow":["GET"]}}],"collection":[{"href":"https:\/\/cdnoticias.com\/index.php\/wp-json\/wp\/v2\/posts"}],"about":[{"href":"https:\/\/cdnoticias.com\/index.php\/wp-json\/wp\/v2\/types\/post"}],"author":[{"embeddable":true,"href":"https:\/\/cdnoticias.com\/index.php\/wp-json\/wp\/v2\/users\/4"}],"replies":[{"embeddable":true,"href":"https:\/\/cdnoticias.com\/index.php\/wp-json\/wp\/v2\/comments?post=55378"}],"version-history":[{"count":0,"href":"https:\/\/cdnoticias.com\/index.php\/wp-json\/wp\/v2\/posts\/55378\/revisions"}],"wp:featuredmedia":[{"embeddable":true,"href":"https:\/\/cdnoticias.com\/index.php\/wp-json\/wp\/v2\/media\/55377"}],"wp:attachment":[{"href":"https:\/\/cdnoticias.com\/index.php\/wp-json\/wp\/v2\/media?parent=55378"}],"wp:term":[{"taxonomy":"category","embeddable":true,"href":"https:\/\/cdnoticias.com\/index.php\/wp-json\/wp\/v2\/categories?post=55378"},{"taxonomy":"post_tag","embeddable":true,"href":"https:\/\/cdnoticias.com\/index.php\/wp-json\/wp\/v2\/tags?post=55378"}],"curies":[{"name":"wp","href":"https:\/\/api.w.org\/{rel}","templated":true}]}}