{"id":55361,"date":"2022-05-23T12:48:23","date_gmt":"2022-05-23T15:48:23","guid":{"rendered":"https:\/\/www.centraldenoticias.com.ar\/?p=55361"},"modified":"2022-05-23T12:48:23","modified_gmt":"2022-05-23T15:48:23","slug":"inicio-del-ciclo-de-capacitaciones-2022-de-bomberos-voluntarios","status":"publish","type":"post","link":"https:\/\/cdnoticias.com\/index.php\/2022\/05\/23\/inicio-del-ciclo-de-capacitaciones-2022-de-bomberos-voluntarios\/","title":{"rendered":"Inicio del ciclo de capacitaciones 2022 de Bomberos Voluntarios"},"content":{"rendered":"<p>Se realizar\u00e1n todos los jueves de 20:30 a 22:30 en el Cuartel Central de Olavarr\u00eda y los destacamentos de Loma Negra, Sierras Bayas e Hinojo.<!--more--><\/p>\n<hr \/>\n<p>El pasado jueves 28 de abril, dio comienzo el <strong>per\u00edodo 2022 de capacitaciones<\/strong>, en el Cuartel Central de Olavarr\u00eda y los Destacamentos de Loma Negra, Sierras Bayas e Hinojo respectivamente.<\/p>\n<p>&nbsp;<\/p>\n<p>Se realizar\u00e1n todos los <strong>jueves en el horario de 20:30 a 22:30<\/strong>, hasta finales del pr\u00f3ximo mes de noviembre.<\/p>\n<p>&nbsp;<\/p>\n<p>Comenz\u00f3 con una formaci\u00f3n en instalaciones del Cuartel Central, encabezada por el jefe del Cuerpo, comandante general Ra\u00fal Andr\u00e9s Ferreira; 2\u00b0 jefe comandante mayor Marcelo Rafael Menchaca, comandante mayor Julio C\u00e9sar Kolman, comandante mayor Javier Alfredo Dom\u00ednguez y comandante H\u00e9ctor Daniel Bernal.<\/p>\n<p>&nbsp;<\/p>\n<p>Posteriormente se dio lectura a los lineamientos y temas planeados para el presente per\u00edodo lectivo. El plan de Capacitaci\u00f3n tambi\u00e9n incluye las pr\u00e1cticas de los grupos especiales con que cuenta la Instituci\u00f3n: <strong>Rescate con Cuerdas, Rescate Acu\u00e1tico, Materiales Peligrosos, Rescate en Espacios Confinados y Psicolog\u00eda en las Emergencias.<\/strong><\/p>\n<p>&nbsp;<\/p>\n<p>En forma paralela se realizar\u00e1n cursos y pr\u00e1cticas con Cuarteles pertenecientes a la <strong>Regi\u00f3n Centro Centro, de la Federaci\u00f3n de Asociaciones de Bomberos Voluntarios de la Provincia de Buenos Aires,<\/strong> regi\u00f3n que integran junto a Olavarr\u00eda, los Cuarteles de Bomberos de Tapalqu\u00e9, General Alvear, Saladillo, Del Carril y Cachar\u00ed.<\/p>\n","protected":false},"excerpt":{"rendered":"<p>Se realizar\u00e1n todos los jueves de 20:30 a 22:30 en el Cuartel Central de Olavarr\u00eda y los destacamentos de Loma<\/p>\n","protected":false},"author":5,"featured_media":55362,"comment_status":"closed","ping_status":"closed","sticky":false,"template":"","format":"standard","meta":{"_jetpack_memberships_contains_paid_content":false,"footnotes":""},"categories":[5],"tags":[],"class_list":["post-55361","post","type-post","status-publish","format-standard","has-post-thumbnail","hentry","category-informacion-general"],"jetpack_featured_media_url":"https:\/\/i0.wp.com\/cdnoticias.com\/wp-content\/uploads\/2022\/05\/capacitaciones-bomberos.jpg?fit=1416%2C918&ssl=1","jetpack_sharing_enabled":true,"_links":{"self":[{"href":"https:\/\/cdnoticias.com\/index.php\/wp-json\/wp\/v2\/posts\/55361","targetHints":{"allow":["GET"]}}],"collection":[{"href":"https:\/\/cdnoticias.com\/index.php\/wp-json\/wp\/v2\/posts"}],"about":[{"href":"https:\/\/cdnoticias.com\/index.php\/wp-json\/wp\/v2\/types\/post"}],"author":[{"embeddable":true,"href":"https:\/\/cdnoticias.com\/index.php\/wp-json\/wp\/v2\/users\/5"}],"replies":[{"embeddable":true,"href":"https:\/\/cdnoticias.com\/index.php\/wp-json\/wp\/v2\/comments?post=55361"}],"version-history":[{"count":0,"href":"https:\/\/cdnoticias.com\/index.php\/wp-json\/wp\/v2\/posts\/55361\/revisions"}],"wp:featuredmedia":[{"embeddable":true,"href":"https:\/\/cdnoticias.com\/index.php\/wp-json\/wp\/v2\/media\/55362"}],"wp:attachment":[{"href":"https:\/\/cdnoticias.com\/index.php\/wp-json\/wp\/v2\/media?parent=55361"}],"wp:term":[{"taxonomy":"category","embeddable":true,"href":"https:\/\/cdnoticias.com\/index.php\/wp-json\/wp\/v2\/categories?post=55361"},{"taxonomy":"post_tag","embeddable":true,"href":"https:\/\/cdnoticias.com\/index.php\/wp-json\/wp\/v2\/tags?post=55361"}],"curies":[{"name":"wp","href":"https:\/\/api.w.org\/{rel}","templated":true}]}}