{"id":5536,"date":"2020-11-03T16:12:53","date_gmt":"2020-11-03T19:12:53","guid":{"rendered":"http:\/\/www.centraldenoticias.com.ar\/?p=5536"},"modified":"2020-11-03T17:13:48","modified_gmt":"2020-11-03T20:13:48","slug":"liberados-piden-la-contratacion-del-municipio-para-la-realizacion-de-distintas-tareas","status":"publish","type":"post","link":"https:\/\/cdnoticias.com\/index.php\/2020\/11\/03\/liberados-piden-la-contratacion-del-municipio-para-la-realizacion-de-distintas-tareas\/","title":{"rendered":"Liberados piden la contrataci\u00f3n del Municipio para la realizaci\u00f3n de distintas tareas"},"content":{"rendered":"<p>&nbsp;<\/p>\n<p>La rama de liberadas y liberados del MTE entreg\u00f3 una carta al intendente Ezequiel Galli. Ofrecieron soluciones a distintas problem\u00e1ticas de la ciudad y solicitaron la contrataci\u00f3n por parte del Municipio para fomentar el trabajo y luchar contra la reincidencia.<!--more--><\/p>\n<hr \/>\n<p>Este martes la rama de<strong> liberados y liberadas del MTE (Movimiento de Trabajadores Excluidos)<\/strong> entreg\u00f3 una carta dirigida al intendente Ezequiel Galli. La intenci\u00f3n es solicitar la contrataci\u00f3n por parte del Municipio de las distintas unidades productivas de la organizaci\u00f3n como una forma de <strong>solucionar problem\u00e1ticas de la ciudad, fomentar el trabajo digno y luchar contra la reincidencia.<\/strong><\/p>\n<p>&nbsp;<\/p>\n<p>En el documento entregado describen en primer lugar las condiciones de <strong>sobrepoblaci\u00f3n y hacinamiento<\/strong> de los lugares de detenci\u00f3n, <em>\u201csin acceso a la salud, al trabajo, a la educaci\u00f3n y a las visitas, entre otras faltas a los derechos humanos\u201d.<\/em><\/p>\n<p>&nbsp;<\/p>\n<p>Adem\u00e1s, explicaron lo que pasa una vez que la persona sale de estar detenida y se encuentra con un panorama complejo: <em>\u201cno cuentan con recursos econ\u00f3micos, no tienen donde vivir, atraviesan problemas de salud y de consumo problem\u00e1tico de sustancias y contar con antecedentes penales es un impedimento para acceder a un trabajo \u201cformal\u201d o en \u201cblanco\u201d. <strong>A su vez, las pol\u00edticas de asistencia a personas liberadas y sus familias son escasas, y no poseen el presupuesto suficiente para atender la situaci\u00f3n de esta poblaci\u00f3n<\/strong>\u201d.<\/em><\/p>\n<p>&nbsp;<\/p>\n<p>Frente a esta situaci\u00f3n <em>\u201cquienes estuvimos detenidxs, organizarnos en la econom\u00eda popular, fue el camino que encontramos para construir una vida lejos del delito y la c\u00e1rcel. Por eso, creemos que es a trav\u00e9s de una pol\u00edtica de inclusi\u00f3n que fomente el trabajo y la formaci\u00f3n en oficios, tanto en contexto de encierro como en el pos encierro, los caminos fundamentales para que las personas no vuelvan a estar detenidas\u201d<\/em>, resaltaron.<\/p>\n<p>&nbsp;<\/p>\n<p><img data-recalc-dims=\"1\" loading=\"lazy\" decoding=\"async\" class=\"alignnone size-full wp-image-5539\" src=\"https:\/\/i0.wp.com\/cdnoticias.com\/wp-content\/uploads\/2020\/11\/120525531_1645920595567374_9991270350948653_n.jpg?resize=800%2C800&#038;ssl=1\" alt=\"\" width=\"800\" height=\"800\" srcset=\"https:\/\/i0.wp.com\/cdnoticias.com\/wp-content\/uploads\/2020\/11\/120525531_1645920595567374_9991270350948653_n.jpg?w=850&amp;ssl=1 850w, https:\/\/i0.wp.com\/cdnoticias.com\/wp-content\/uploads\/2020\/11\/120525531_1645920595567374_9991270350948653_n.jpg?resize=150%2C150&amp;ssl=1 150w, https:\/\/i0.wp.com\/cdnoticias.com\/wp-content\/uploads\/2020\/11\/120525531_1645920595567374_9991270350948653_n.jpg?resize=300%2C300&amp;ssl=1 300w, https:\/\/i0.wp.com\/cdnoticias.com\/wp-content\/uploads\/2020\/11\/120525531_1645920595567374_9991270350948653_n.jpg?resize=768%2C768&amp;ssl=1 768w\" sizes=\"auto, (max-width: 800px) 100vw, 800px\" \/><\/p>\n<p>&nbsp;<\/p>\n<p><strong>Rama de liberadas y liberados del MTE<\/strong><\/p>\n<p>&nbsp;<\/p>\n<p>En la actualidad, la organizaci\u00f3n nuclea a decenas de personas en la ciudad. Afirmaron que<em> \u201ccon nuestro trabajo reinventamos la vida de muchos compa\u00f1eros que estuvieron detenidos y sus familias\u201d<\/em> y que estas personas<strong><em> \u201cno volvieron a cometer delito\u201d.<\/em><\/strong><\/p>\n<p>&nbsp;<\/p>\n<p>Detallaron que<em> \u201ctodos los d\u00edas recibimos en nuestro<strong> Polo Productivo (Giovanelli 4423)<\/strong> a personas que salen de estar detenidos y los incorporamos al trabajo de nuestras unidades productivas. Muchxs de ellxs son enviados desde las instituciones estatales que deber\u00edan ocuparse de su \u201creinserci\u00f3n social\u201d. Por ello, <strong>creemos que es imperante que se reconozca nuestro trabajo, ya que en la actualidad somos los \u00fanicos que generamos soluciones concretas al problema del delito y el encarcelamiento<\/strong>\u201d<\/em>.<\/p>\n<p>&nbsp;<\/p>\n<blockquote><p>Las cooperativas de liberados\/as que lograron consolidarse y que sus servicios sean contratados tienen una nula tasa de reincidencia.<\/p><\/blockquote>\n<p>&nbsp;<\/p>\n<p><img data-recalc-dims=\"1\" loading=\"lazy\" decoding=\"async\" class=\"alignnone size-full wp-image-5538\" src=\"https:\/\/i0.wp.com\/cdnoticias.com\/wp-content\/uploads\/2020\/11\/120385155_1645920582234042_389953218255845688_n.jpg?resize=800%2C800&#038;ssl=1\" alt=\"\" width=\"800\" height=\"800\" srcset=\"https:\/\/i0.wp.com\/cdnoticias.com\/wp-content\/uploads\/2020\/11\/120385155_1645920582234042_389953218255845688_n.jpg?w=850&amp;ssl=1 850w, https:\/\/i0.wp.com\/cdnoticias.com\/wp-content\/uploads\/2020\/11\/120385155_1645920582234042_389953218255845688_n.jpg?resize=150%2C150&amp;ssl=1 150w, https:\/\/i0.wp.com\/cdnoticias.com\/wp-content\/uploads\/2020\/11\/120385155_1645920582234042_389953218255845688_n.jpg?resize=300%2C300&amp;ssl=1 300w, https:\/\/i0.wp.com\/cdnoticias.com\/wp-content\/uploads\/2020\/11\/120385155_1645920582234042_389953218255845688_n.jpg?resize=768%2C768&amp;ssl=1 768w\" sizes=\"auto, (max-width: 800px) 100vw, 800px\" \/><\/p>\n<p>&nbsp;<\/p>\n<p>Las propuestas presentadas consisten en abordar distintas problem\u00e1ticas de la ciudad. Desde <strong><em>\u201cel abandono en el que se encuentran muchos parques y plazas, o la grave situaci\u00f3n de falta de acceso a una vivienda digna para muchas familias\u201d.<\/em><\/strong> Sobre este \u00faltimo punto plantearon la posibilidad de<strong><em> \u201cpensar en la construcci\u00f3n de viviendas sociales a trav\u00e9s de nuestra cooperativa\u201d.<\/em><\/strong><\/p>\n<p>&nbsp;<\/p>\n<p>Adem\u00e1s,<strong> solicitaron a la Municipalidad la contrataci\u00f3n del servicio <em>\u201cde nuestras Unidades productivas\u201d<\/em><\/strong> ya que cuentan con <em>\u201cla capacitaci\u00f3n y las herramientas para realizar trabajos de jardiner\u00eda (mantenimiento de espacios verdes), trabajos de obra, alba\u00f1iler\u00eda, pintura, durlok, herrer\u00eda, etc\u201d.<\/em><\/p>\n<p>&nbsp;<\/p>\n<p>Por \u00faltimo, aseguraron que <em>\u201cadem\u00e1s de darle soluci\u00f3n a las problem\u00e1ticas que aquejan a nuestros vecinos, estar\u00edamos colaborando con la lucha que cotidianamente llevamos adelante desde nuestra organizaci\u00f3n, <strong>creando y fomentando el trabajo para luchar contra la reincidencia<\/strong>\u201d.<\/em><\/p>\n","protected":false},"excerpt":{"rendered":"<p>&nbsp; La rama de liberadas y liberados del MTE entreg\u00f3 una carta al intendente Ezequiel Galli. Ofrecieron soluciones a distintas<\/p>\n","protected":false},"author":5,"featured_media":1897,"comment_status":"closed","ping_status":"closed","sticky":false,"template":"","format":"standard","meta":{"_jetpack_memberships_contains_paid_content":false,"footnotes":""},"categories":[5,1],"tags":[],"class_list":["post-5536","post","type-post","status-publish","format-standard","has-post-thumbnail","hentry","category-informacion-general","category-portada"],"jetpack_featured_media_url":"https:\/\/i0.wp.com\/cdnoticias.com\/wp-content\/uploads\/2020\/09\/mte-liberados.jpg?fit=450%2C280&ssl=1","jetpack_sharing_enabled":true,"_links":{"self":[{"href":"https:\/\/cdnoticias.com\/index.php\/wp-json\/wp\/v2\/posts\/5536","targetHints":{"allow":["GET"]}}],"collection":[{"href":"https:\/\/cdnoticias.com\/index.php\/wp-json\/wp\/v2\/posts"}],"about":[{"href":"https:\/\/cdnoticias.com\/index.php\/wp-json\/wp\/v2\/types\/post"}],"author":[{"embeddable":true,"href":"https:\/\/cdnoticias.com\/index.php\/wp-json\/wp\/v2\/users\/5"}],"replies":[{"embeddable":true,"href":"https:\/\/cdnoticias.com\/index.php\/wp-json\/wp\/v2\/comments?post=5536"}],"version-history":[{"count":0,"href":"https:\/\/cdnoticias.com\/index.php\/wp-json\/wp\/v2\/posts\/5536\/revisions"}],"wp:featuredmedia":[{"embeddable":true,"href":"https:\/\/cdnoticias.com\/index.php\/wp-json\/wp\/v2\/media\/1897"}],"wp:attachment":[{"href":"https:\/\/cdnoticias.com\/index.php\/wp-json\/wp\/v2\/media?parent=5536"}],"wp:term":[{"taxonomy":"category","embeddable":true,"href":"https:\/\/cdnoticias.com\/index.php\/wp-json\/wp\/v2\/categories?post=5536"},{"taxonomy":"post_tag","embeddable":true,"href":"https:\/\/cdnoticias.com\/index.php\/wp-json\/wp\/v2\/tags?post=5536"}],"curies":[{"name":"wp","href":"https:\/\/api.w.org\/{rel}","templated":true}]}}