{"id":55354,"date":"2022-05-23T09:41:36","date_gmt":"2022-05-23T12:41:36","guid":{"rendered":"https:\/\/www.centraldenoticias.com.ar\/?p=55354"},"modified":"2022-05-23T09:41:51","modified_gmt":"2022-05-23T12:41:51","slug":"convocatoria-para-dictar-talleres-en-el-centro-cultural-universitario","status":"publish","type":"post","link":"https:\/\/cdnoticias.com\/index.php\/2022\/05\/23\/convocatoria-para-dictar-talleres-en-el-centro-cultural-universitario\/","title":{"rendered":"Convocatoria para dictar talleres en el Centro Cultural Universitario"},"content":{"rendered":"<p>Los interesados deber\u00e1n presentar propuestas hasta el 3 de junio. Los requisitos y condiciones para la elaboraci\u00f3n de los proyectos.<!--more--><\/p>\n<hr \/>\n<p>La UNICEN a trav\u00e9s del Centro Cultural Universitario sede Olavarr\u00eda y del \u00c1rea de Cultura dependiente de rectorado, invitan a la <strong>presentaci\u00f3n de propuestas para el dictado de talleres, capacitaciones o cursos art\u00edsticos y\/o culturales.<\/strong> Se llevar\u00e1n adelante en las instalaciones del Centro Cultural Universitario sede Olavarr\u00eda y podr\u00e1n abarcar cualquier tipo de disciplina art\u00edstica o de formaci\u00f3n cultural.<\/p>\n<p>&nbsp;<\/p>\n<p>El objetivo de los talleres, capacitaciones y cursos art\u00edsticos-culturales es promover <strong>actividades para el desarrollo del pensamiento y la expresi\u00f3n creativa de las personas en su diversidad<\/strong>, generando un espacio de encuentro, formaci\u00f3n y desarrollo tanto personal como grupal.<\/p>\n<p>&nbsp;<\/p>\n<p>La recepci\u00f3n de las propuestas es hasta el 3 de junio. Se pueden presentar en forma presencial en San Mart\u00edn 1955 de 9 a 19 hs de lunes a viernes o al correo electr\u00f3nico centroculturalunicen@gmail.com.<\/p>\n<p>&nbsp;<\/p>\n<p><strong>Modalidad<\/strong><\/p>\n<p>&nbsp;<\/p>\n<p>Las propuestas recibidas ser\u00e1n evaluadas por el CCUO y el \u00c1rea de cultura UNICEN. Una vez aprobado el taller, capacitaci\u00f3n o curso se anunciar\u00e1 la inscripci\u00f3n de interesados\/as (se requiere m\u00ednimo 10 personas anotadas para su inicio). <strong>Los talleres ser\u00e1n libres y gratuitos para los\/as participantes, con frecuencia semanal y una duraci\u00f3n total de entre dos y cuatro meses m\u00e1ximo. <\/strong>Es excluyente que la persona responsable de la propuesta<strong> facture sus servicios y posea una cuenta bancaria.<\/strong><\/p>\n<p>&nbsp;<\/p>\n<p><strong>Bases para la elaboraci\u00f3n y presentaci\u00f3n de proyectos<\/strong><\/p>\n<p>&nbsp;<\/p>\n<p>Datos de Personales:<\/p>\n<p>&nbsp;<\/p>\n<ul>\n<li>Nombre y Apellido:<\/li>\n<li>Edad:<\/li>\n<li>DNI:<\/li>\n<li>CUIL:<\/li>\n<li>CBU:<\/li>\n<li>Domicilio:<\/li>\n<li>Mail:<\/li>\n<li>Tel\u00e9fono:<\/li>\n<li>Breve descripci\u00f3n acerca de la experiencia personal e idoneidad referida a la propuesta que desea compartir.<\/li>\n<\/ul>\n<p>&nbsp;<\/p>\n<p>Informaci\u00f3n referida al taller, capacitaci\u00f3n o curso que propone:<\/p>\n<p>&nbsp;<\/p>\n<ul>\n<li>Nombre del taller, capacitaci\u00f3n o curso.<\/li>\n<li>Descripci\u00f3n: Informaci\u00f3n que indique en qu\u00e9 consiste la propuesta (hasta 15 renglones).<\/li>\n<li>Justificaci\u00f3n: Las razones por las que considera que la propuesta es interesante o necesaria.<\/li>\n<li>Destinatarios: A quienes va dirigido, especificar edades o p\u00fablico particular.<\/li>\n<li>Objetivos: Lo que se espera de quienes asistan al taller.<\/li>\n<li>Tiempo estimado: para la realizaci\u00f3n (entre dos y cuatro meses m\u00e1ximo &#8211; proponer d\u00eda y horario sugerido).<\/li>\n<li>Metodolog\u00eda: Describir la din\u00e1mica de los encuentros o aquellas acciones que ser\u00e1n regulares en el desarrollo de la propuesta.<\/li>\n<li>Insumos: materiales necesarios para su realizaci\u00f3n.<\/li>\n<li>Necesidades t\u00e9cnicas: Condiciones del espacio f\u00edsico, si requiere proyector, pantalla, sonido, entre otros.<\/li>\n<\/ul>\n<p>&nbsp;<\/p>\n","protected":false},"excerpt":{"rendered":"<p>Los interesados deber\u00e1n presentar propuestas hasta el 3 de junio. Los requisitos y condiciones para la elaboraci\u00f3n de los proyectos.<\/p>\n","protected":false},"author":5,"featured_media":25165,"comment_status":"closed","ping_status":"closed","sticky":false,"template":"","format":"standard","meta":{"_jetpack_memberships_contains_paid_content":false,"footnotes":""},"categories":[5,1],"tags":[],"class_list":["post-55354","post","type-post","status-publish","format-standard","has-post-thumbnail","hentry","category-informacion-general","category-portada"],"jetpack_featured_media_url":"https:\/\/i0.wp.com\/cdnoticias.com\/wp-content\/uploads\/2021\/06\/orgullo-centro-cultural-unicen.jpg?fit=960%2C1280&ssl=1","jetpack_sharing_enabled":true,"_links":{"self":[{"href":"https:\/\/cdnoticias.com\/index.php\/wp-json\/wp\/v2\/posts\/55354","targetHints":{"allow":["GET"]}}],"collection":[{"href":"https:\/\/cdnoticias.com\/index.php\/wp-json\/wp\/v2\/posts"}],"about":[{"href":"https:\/\/cdnoticias.com\/index.php\/wp-json\/wp\/v2\/types\/post"}],"author":[{"embeddable":true,"href":"https:\/\/cdnoticias.com\/index.php\/wp-json\/wp\/v2\/users\/5"}],"replies":[{"embeddable":true,"href":"https:\/\/cdnoticias.com\/index.php\/wp-json\/wp\/v2\/comments?post=55354"}],"version-history":[{"count":0,"href":"https:\/\/cdnoticias.com\/index.php\/wp-json\/wp\/v2\/posts\/55354\/revisions"}],"wp:featuredmedia":[{"embeddable":true,"href":"https:\/\/cdnoticias.com\/index.php\/wp-json\/wp\/v2\/media\/25165"}],"wp:attachment":[{"href":"https:\/\/cdnoticias.com\/index.php\/wp-json\/wp\/v2\/media?parent=55354"}],"wp:term":[{"taxonomy":"category","embeddable":true,"href":"https:\/\/cdnoticias.com\/index.php\/wp-json\/wp\/v2\/categories?post=55354"},{"taxonomy":"post_tag","embeddable":true,"href":"https:\/\/cdnoticias.com\/index.php\/wp-json\/wp\/v2\/tags?post=55354"}],"curies":[{"name":"wp","href":"https:\/\/api.w.org\/{rel}","templated":true}]}}