{"id":55347,"date":"2022-05-22T20:30:32","date_gmt":"2022-05-23T10:55:03","guid":{"rendered":"https:\/\/www.centraldenoticias.com.ar\/?p=55347"},"modified":"2025-02-02T12:38:48","modified_gmt":"2025-02-02T15:38:48","slug":"el-centro-olavarriense-festejo-el-titulo-de-boca","status":"publish","type":"post","link":"https:\/\/cdnoticias.com\/index.php\/2022\/05\/22\/el-centro-olavarriense-festejo-el-titulo-de-boca\/","title":{"rendered":"El centro olavarriense festej\u00f3 el t\u00edtulo de Boca"},"content":{"rendered":"<p>En el anochecer de este domingo, Boca Juniors se consagr\u00f3 campe\u00f3n de la Copa de la Liga al vencer a Tigre por 3 a 0 y luego del pitazo final, los hinchas olavarrienses coparon las calles c\u00e9ntricas para festejar la obtenci\u00f3n de un nuevo t\u00edtulo.<!--more--><\/p>\n<hr \/>\n<p>Con goles de Marcos Rojo a los 49\u00b4, Frank Fabra a los 68\u00b4 y Luis V\u00e1zquez a los 86\u00b4, Boca logr\u00f3 una nueva estrella para su escudo y luego de algunos minutos, el centro olavarriense comenz\u00f3 a poblarse de hinchas \u201cXeneizes\u201d que se reunieron en la Municipalidad de Olavarr\u00eda, cantaron, saltaron y hasta dieron la vuelta ol\u00edmpica.<\/p>\n<p>&nbsp;<\/p>\n<p>Las im\u00e1genes:<\/p>\n<p>&nbsp;<\/p>\n<p>[soliloquy slug=&#8221;boca-2&#8243;]<\/p>\n","protected":false},"excerpt":{"rendered":"<p>En el anochecer de este domingo, Boca Juniors se consagr\u00f3 campe\u00f3n de la Copa de la Liga al vencer a<\/p>\n","protected":false},"author":96739694,"featured_media":148214,"comment_status":"closed","ping_status":"closed","sticky":false,"template":"","format":"standard","meta":{"_jetpack_memberships_contains_paid_content":false,"footnotes":""},"categories":[35,37,1],"tags":[],"class_list":["post-55347","post","type-post","status-publish","format-standard","has-post-thumbnail","hentry","category-futbol","category-futbol-profesional","category-portada"],"jetpack_featured_media_url":"https:\/\/i0.wp.com\/cdnoticias.com\/wp-content\/uploads\/2022\/05\/boca-campeon_8.jpg?fit=1280%2C853&ssl=1","jetpack_sharing_enabled":true,"_links":{"self":[{"href":"https:\/\/cdnoticias.com\/index.php\/wp-json\/wp\/v2\/posts\/55347","targetHints":{"allow":["GET"]}}],"collection":[{"href":"https:\/\/cdnoticias.com\/index.php\/wp-json\/wp\/v2\/posts"}],"about":[{"href":"https:\/\/cdnoticias.com\/index.php\/wp-json\/wp\/v2\/types\/post"}],"author":[{"embeddable":true,"href":"https:\/\/cdnoticias.com\/index.php\/wp-json\/wp\/v2\/users\/96739694"}],"replies":[{"embeddable":true,"href":"https:\/\/cdnoticias.com\/index.php\/wp-json\/wp\/v2\/comments?post=55347"}],"version-history":[{"count":0,"href":"https:\/\/cdnoticias.com\/index.php\/wp-json\/wp\/v2\/posts\/55347\/revisions"}],"wp:featuredmedia":[{"embeddable":true,"href":"https:\/\/cdnoticias.com\/index.php\/wp-json\/wp\/v2\/media\/148214"}],"wp:attachment":[{"href":"https:\/\/cdnoticias.com\/index.php\/wp-json\/wp\/v2\/media?parent=55347"}],"wp:term":[{"taxonomy":"category","embeddable":true,"href":"https:\/\/cdnoticias.com\/index.php\/wp-json\/wp\/v2\/categories?post=55347"},{"taxonomy":"post_tag","embeddable":true,"href":"https:\/\/cdnoticias.com\/index.php\/wp-json\/wp\/v2\/tags?post=55347"}],"curies":[{"name":"wp","href":"https:\/\/api.w.org\/{rel}","templated":true}]}}