{"id":55341,"date":"2022-05-22T21:10:05","date_gmt":"2022-05-23T00:10:05","guid":{"rendered":"https:\/\/www.centraldenoticias.com.ar\/?p=55341"},"modified":"2022-05-22T21:11:26","modified_gmt":"2022-05-23T00:11:26","slug":"el-municipio-habilito-suba-de-alrededor-de-50-en-el-estacionamiento-medido","status":"publish","type":"post","link":"https:\/\/cdnoticias.com\/index.php\/2022\/05\/22\/el-municipio-habilito-suba-de-alrededor-de-50-en-el-estacionamiento-medido\/","title":{"rendered":"El Municipio habilit\u00f3 suba de alrededor de 50% en el Estacionamiento Medido"},"content":{"rendered":"<p>Se aplicar\u00e1 en dos tramos. Desde este lunes, las tarifas pasar\u00e1n a 49 pesos por hora en zona 1 y 24 pesos en zona 2. En un mes volver\u00e1n a aumentar.<!--more--><\/p>\n<hr \/>\n<p><strong>El Municipio habilit\u00f3 suba de alrededor de 50% en el Estacionamiento Medido que se aplicar\u00e1 en dos tramos, el primero de los cuales regir\u00e1 desde este lunes<\/strong> y el segundo, dentro de un mes. Desde el Ejecutivo se indic\u00f3 que la suba se dispuso \u201ctras el correspondiente estudio de costos\u201d.<\/p>\n<p>&nbsp;<\/p>\n<blockquote><p>A partir de este lunes 23 de mayo, el valor de la Zona 1 pasar\u00e1 a 49 pesos para la primera y segunda hora y 51 pesos a partir de la tercera hora y en Zona 2 pasar\u00e1 a 24 pesos la hora.<\/p><\/blockquote>\n<p>&nbsp;<\/p>\n<p>En este caso, <strong>el incremento ronda 26% en la zona 1 y 23% en la zona 2<\/strong>.<\/p>\n<p>&nbsp;<\/p>\n<blockquote><p>A partir del 23 de junio el valor de la Zona 1 pasar\u00e1 a 59 pesos para la primera y segunda hora y 61 pesos a partir de la tercera hora y en Zona 2 pasar\u00e1 a 29 pesos la hora.<\/p><\/blockquote>\n<p>&nbsp;<\/p>\n<p>Para este segundo tramo,<strong> los aumentos rondan casi 21% para las dos zonas<\/strong>.<\/p>\n<p>&nbsp;<\/p>\n<p>Cabe recordar que <strong>el \u00faltimo aumento se hab\u00eda aplicado el 9 de agosto pasado<\/strong>. <a href=\"https:\/\/cdnoticias.com\/index.php\/2021\/08\/09\/desde-este-lunes-rigen-las-nuevas-tarifas-del-estacionamiento-medido\/\" target=\"_blank\" rel=\"noopener\">En esa ocasi\u00f3n se fijaron 39 pesos para la zona 1 y 19,50 para la zona 2<\/a>.<\/p>\n<p>&nbsp;<\/p>\n<p>Las<strong> zonas de implementaci\u00f3n<\/strong> del cobro son:<\/p>\n<p>&nbsp;<\/p>\n<ul>\n<li>Zona I:\u00a0Lunes a viernes de 09:00 a 20:00 horas. S\u00e1bados de 09:00 a 13:00 horas.<\/li>\n<li>Zona II:\u00a0Lunes a viernes de 09:00 a 13:00 horas.<\/li>\n<\/ul>\n","protected":false},"excerpt":{"rendered":"<p>Se aplicar\u00e1 en dos tramos. Desde este lunes, las tarifas pasar\u00e1n a 49 pesos por hora en zona 1 y<\/p>\n","protected":false},"author":4,"featured_media":55342,"comment_status":"closed","ping_status":"closed","sticky":false,"template":"","format":"standard","meta":{"_jetpack_memberships_contains_paid_content":false,"footnotes":""},"categories":[5,1],"tags":[],"class_list":["post-55341","post","type-post","status-publish","format-standard","has-post-thumbnail","hentry","category-informacion-general","category-portada"],"jetpack_featured_media_url":"https:\/\/i0.wp.com\/cdnoticias.com\/wp-content\/uploads\/2022\/05\/estacionamiendo-medido00.jpg?fit=800%2C445&ssl=1","jetpack_sharing_enabled":true,"_links":{"self":[{"href":"https:\/\/cdnoticias.com\/index.php\/wp-json\/wp\/v2\/posts\/55341","targetHints":{"allow":["GET"]}}],"collection":[{"href":"https:\/\/cdnoticias.com\/index.php\/wp-json\/wp\/v2\/posts"}],"about":[{"href":"https:\/\/cdnoticias.com\/index.php\/wp-json\/wp\/v2\/types\/post"}],"author":[{"embeddable":true,"href":"https:\/\/cdnoticias.com\/index.php\/wp-json\/wp\/v2\/users\/4"}],"replies":[{"embeddable":true,"href":"https:\/\/cdnoticias.com\/index.php\/wp-json\/wp\/v2\/comments?post=55341"}],"version-history":[{"count":0,"href":"https:\/\/cdnoticias.com\/index.php\/wp-json\/wp\/v2\/posts\/55341\/revisions"}],"wp:featuredmedia":[{"embeddable":true,"href":"https:\/\/cdnoticias.com\/index.php\/wp-json\/wp\/v2\/media\/55342"}],"wp:attachment":[{"href":"https:\/\/cdnoticias.com\/index.php\/wp-json\/wp\/v2\/media?parent=55341"}],"wp:term":[{"taxonomy":"category","embeddable":true,"href":"https:\/\/cdnoticias.com\/index.php\/wp-json\/wp\/v2\/categories?post=55341"},{"taxonomy":"post_tag","embeddable":true,"href":"https:\/\/cdnoticias.com\/index.php\/wp-json\/wp\/v2\/tags?post=55341"}],"curies":[{"name":"wp","href":"https:\/\/api.w.org\/{rel}","templated":true}]}}