{"id":5534,"date":"2020-11-03T15:47:08","date_gmt":"2020-11-03T18:47:08","guid":{"rendered":"http:\/\/www.centraldenoticias.com.ar\/?p=5534"},"modified":"2020-11-03T15:47:08","modified_gmt":"2020-11-03T18:47:08","slug":"stella-maris-heiland-q-e-p-d","status":"publish","type":"post","link":"https:\/\/cdnoticias.com\/index.php\/2020\/11\/03\/stella-maris-heiland-q-e-p-d\/","title":{"rendered":"Stella Maris Heiland (Q.E.P.D.)"},"content":{"rendered":"<p>Falleci\u00f3 en Olavarr\u00eda a los 59 a\u00f1os. Su esposo Miguel Gerardo D\u00edaz; sus hijos Nicol\u00e1s y Victoria, Rodrigo, D\u00e9bora y Mart\u00edn; sus hijos pol\u00edticos Guada, Lucas, Candela, Florencia y Mat\u00edas; sus nietos Isidoro, Almendra, Quimey, Zoe, Nahuel, Juanita, Lorenzo, Mateo y Emma; sus hermanos Gustavo y Laura; sus cu\u00f1ados Luis, Walter y Noelia; sus sobrinos, sobrinos pol\u00edticos, sobrinos nieto y dem\u00e1s deudos participan su fallecimiento.<\/p>\n<p>&nbsp;<\/p>\n<p>Sus restos ser\u00e1n inhumados en el cementerio Loma de Paz este mi\u00e9rcoles a las 10:30. Vecina de Microcentro; oriunda de Coronel Su\u00e1rez; ama de casa.<\/p>\n","protected":false},"excerpt":{"rendered":"<p>Falleci\u00f3 en Olavarr\u00eda a los 59 a\u00f1os. Su esposo Miguel Gerardo D\u00edaz; sus hijos Nicol\u00e1s y Victoria, Rodrigo, D\u00e9bora y<\/p>\n","protected":false},"author":5,"featured_media":0,"comment_status":"closed","ping_status":"closed","sticky":false,"template":"","format":"standard","meta":{"_jetpack_memberships_contains_paid_content":false,"footnotes":""},"categories":[10],"tags":[],"class_list":["post-5534","post","type-post","status-publish","format-standard","hentry","category-necrologicas"],"jetpack_featured_media_url":"","jetpack_sharing_enabled":true,"_links":{"self":[{"href":"https:\/\/cdnoticias.com\/index.php\/wp-json\/wp\/v2\/posts\/5534","targetHints":{"allow":["GET"]}}],"collection":[{"href":"https:\/\/cdnoticias.com\/index.php\/wp-json\/wp\/v2\/posts"}],"about":[{"href":"https:\/\/cdnoticias.com\/index.php\/wp-json\/wp\/v2\/types\/post"}],"author":[{"embeddable":true,"href":"https:\/\/cdnoticias.com\/index.php\/wp-json\/wp\/v2\/users\/5"}],"replies":[{"embeddable":true,"href":"https:\/\/cdnoticias.com\/index.php\/wp-json\/wp\/v2\/comments?post=5534"}],"version-history":[{"count":0,"href":"https:\/\/cdnoticias.com\/index.php\/wp-json\/wp\/v2\/posts\/5534\/revisions"}],"wp:attachment":[{"href":"https:\/\/cdnoticias.com\/index.php\/wp-json\/wp\/v2\/media?parent=5534"}],"wp:term":[{"taxonomy":"category","embeddable":true,"href":"https:\/\/cdnoticias.com\/index.php\/wp-json\/wp\/v2\/categories?post=5534"},{"taxonomy":"post_tag","embeddable":true,"href":"https:\/\/cdnoticias.com\/index.php\/wp-json\/wp\/v2\/tags?post=5534"}],"curies":[{"name":"wp","href":"https:\/\/api.w.org\/{rel}","templated":true}]}}