{"id":55337,"date":"2022-05-22T20:31:56","date_gmt":"2022-05-22T23:31:56","guid":{"rendered":"https:\/\/www.centraldenoticias.com.ar\/?p=55337"},"modified":"2022-05-23T08:28:34","modified_gmt":"2022-05-23T11:28:34","slug":"el-foro-de-seguridad-rural-volvera-a-reunirse-el-mes-proximo","status":"publish","type":"post","link":"https:\/\/cdnoticias.com\/index.php\/2022\/05\/22\/el-foro-de-seguridad-rural-volvera-a-reunirse-el-mes-proximo\/","title":{"rendered":"El Foro de Seguridad Rural volver\u00e1 a reunirse el mes pr\u00f3ximo"},"content":{"rendered":"<p>Ser\u00e1 un nuevo encuentro entre ruralistas y autoridades policiales y judiciales. En este caso el encuentro se program\u00f3 para el 10 de junio en un establecimiento rural del kil\u00f3metro 340 de la ruta 226.<!--more--><\/p>\n<hr \/>\n<p><strong>El Foro de Seguridad Rural volver\u00e1 a reunirse el mes pr\u00f3ximo<\/strong>: el encuentro se program\u00f3 para <strong>el 10 de junio<\/strong> en el establecimiento rural La Rosa del kil\u00f3metro 340 de la ruta 226.<\/p>\n<p>&nbsp;<\/p>\n<p>En este encuentro <strong>volver\u00e1n a dialogar ruralistas y autoridades policiales y judiciales<\/strong>. Se pudo saber que ya hubo una reuni\u00f3n previa, y el temario ya se ha definido con productores.<\/p>\n<p>&nbsp;<\/p>\n<blockquote><p>Se adelant\u00f3 que ya han confirmado su asistencia los productores rurales de esa zona, m\u00e1s otros ruralistas de otros sectores del distrito. \u201cAsistir\u00e1n m\u00e1s establecimientos y otras instituciones m\u00e1s\u201d se adelant\u00f3.\u00a0A su vez, se esperan en los pr\u00f3ximos d\u00edas las confirmaciones de asistencia de otros invitados, entre ellos funcionarios provinciales.<\/p><\/blockquote>\n<p>&nbsp;<\/p>\n<figure id=\"attachment_55339\" aria-describedby=\"caption-attachment-55339\" style=\"width: 800px\" class=\"wp-caption aligncenter\"><img data-recalc-dims=\"1\" loading=\"lazy\" decoding=\"async\" class=\"wp-image-55339 size-full\" src=\"https:\/\/i0.wp.com\/cdnoticias.com\/wp-content\/uploads\/2022\/05\/estancia-la-rosa1.jpg?resize=800%2C444&#038;ssl=1\" alt=\"\" width=\"800\" height=\"444\" srcset=\"https:\/\/i0.wp.com\/cdnoticias.com\/wp-content\/uploads\/2022\/05\/estancia-la-rosa1.jpg?w=800&amp;ssl=1 800w, https:\/\/i0.wp.com\/cdnoticias.com\/wp-content\/uploads\/2022\/05\/estancia-la-rosa1.jpg?resize=300%2C167&amp;ssl=1 300w, https:\/\/i0.wp.com\/cdnoticias.com\/wp-content\/uploads\/2022\/05\/estancia-la-rosa1.jpg?resize=768%2C426&amp;ssl=1 768w\" sizes=\"auto, (max-width: 800px) 100vw, 800px\" \/><figcaption id=\"caption-attachment-55339\" class=\"wp-caption-text\">El encuentro se har\u00e1 en el establecimiento La Rosa.<\/figcaption><\/figure>\n<p>&nbsp;<\/p>\n<p>La reuni\u00f3n consistir\u00e1 en un almuerzo al mediod\u00eda y despu\u00e9s la reuni\u00f3n con autoridades y productores de la zona, como se hace habitualmente en estos encuentros mensuales.<\/p>\n<p>&nbsp;<\/p>\n<p>Fueron invitadas las <strong>autoridades policiales de las dependencias Departamental, SubDDI, Comando de Prevenci\u00f3n Rural y Jefatura Zonal de CPR. <\/strong>Tambi\u00e9n de la<strong> Subsecretar\u00eda de Seguridad Municipal y del Ministerio P\u00fablico Fiscal<\/strong>.<\/p>\n","protected":false},"excerpt":{"rendered":"<p>Ser\u00e1 un nuevo encuentro entre ruralistas y autoridades policiales y judiciales. En este caso el encuentro se program\u00f3 para el<\/p>\n","protected":false},"author":4,"featured_media":39327,"comment_status":"closed","ping_status":"closed","sticky":false,"template":"","format":"standard","meta":{"_jetpack_memberships_contains_paid_content":false,"footnotes":""},"categories":[14,1],"tags":[],"class_list":["post-55337","post","type-post","status-publish","format-standard","has-post-thumbnail","hentry","category-policiales","category-portada"],"jetpack_featured_media_url":"https:\/\/i0.wp.com\/cdnoticias.com\/wp-content\/uploads\/2021\/11\/foro-seguridad-rural-00.jpg?fit=800%2C445&ssl=1","jetpack_sharing_enabled":true,"_links":{"self":[{"href":"https:\/\/cdnoticias.com\/index.php\/wp-json\/wp\/v2\/posts\/55337","targetHints":{"allow":["GET"]}}],"collection":[{"href":"https:\/\/cdnoticias.com\/index.php\/wp-json\/wp\/v2\/posts"}],"about":[{"href":"https:\/\/cdnoticias.com\/index.php\/wp-json\/wp\/v2\/types\/post"}],"author":[{"embeddable":true,"href":"https:\/\/cdnoticias.com\/index.php\/wp-json\/wp\/v2\/users\/4"}],"replies":[{"embeddable":true,"href":"https:\/\/cdnoticias.com\/index.php\/wp-json\/wp\/v2\/comments?post=55337"}],"version-history":[{"count":0,"href":"https:\/\/cdnoticias.com\/index.php\/wp-json\/wp\/v2\/posts\/55337\/revisions"}],"wp:featuredmedia":[{"embeddable":true,"href":"https:\/\/cdnoticias.com\/index.php\/wp-json\/wp\/v2\/media\/39327"}],"wp:attachment":[{"href":"https:\/\/cdnoticias.com\/index.php\/wp-json\/wp\/v2\/media?parent=55337"}],"wp:term":[{"taxonomy":"category","embeddable":true,"href":"https:\/\/cdnoticias.com\/index.php\/wp-json\/wp\/v2\/categories?post=55337"},{"taxonomy":"post_tag","embeddable":true,"href":"https:\/\/cdnoticias.com\/index.php\/wp-json\/wp\/v2\/tags?post=55337"}],"curies":[{"name":"wp","href":"https:\/\/api.w.org\/{rel}","templated":true}]}}