{"id":55331,"date":"2022-05-22T18:46:19","date_gmt":"2022-05-22T21:46:19","guid":{"rendered":"https:\/\/www.centraldenoticias.com.ar\/?p=55331"},"modified":"2022-05-22T20:39:30","modified_gmt":"2022-05-22T23:39:30","slug":"quedo-detenido-el-olavarriense-que-tenia-mas-de-2-kilos-de-cocaina","status":"publish","type":"post","link":"https:\/\/cdnoticias.com\/index.php\/2022\/05\/22\/quedo-detenido-el-olavarriense-que-tenia-mas-de-2-kilos-de-cocaina\/","title":{"rendered":"Qued\u00f3 detenido el olavarriense que ten\u00eda m\u00e1s de 2 kilos de coca\u00edna"},"content":{"rendered":"<p>El Juzgado de Garant\u00edas N\u00ba 2 aval\u00f3 el pedido de la UFI N\u00ba 19. Est\u00e1 acusado por \u201ctenencia de estupefacientes con fines de comercializaci\u00f3n\u201d y \u201ctenencia de arma de fuego de uso civil\u201d.<!--more--><\/p>\n<hr \/>\n<p>Durante este fin de semana<strong> se conoci\u00f3 la decisi\u00f3n adoptada por la Justicia de Garant\u00edas en la causa penal que se sigue contra un olavarriense de 43 a\u00f1os<\/strong> en <a href=\"https:\/\/cdnoticias.com\/index.php\/2022\/05\/19\/secuestraron-mas-de-2-kilos-de-cocaina-y-hay-un-aprehendido\/\" target=\"_blank\" rel=\"noopener\">cuyo poder se hallaron m\u00e1s de 2 kilos de coca\u00edna<\/a>.<\/p>\n<p>&nbsp;<\/p>\n<p>En este sentido, <strong>el juez Carlos Villamar\u00edn, del Juzgado N\u00ba 1, aval\u00f3 el pedido de detenci\u00f3n que hab\u00eda solicitado el fiscal Lucas Moyano contra Paulo Mart\u00edn G\u00f3mez de 43 a\u00f1os<\/strong>. Hab\u00eda sido aprehendido el mi\u00e9rcoles en el marco de la realizaci\u00f3n de tres allanamientos y <a href=\"https:\/\/cdnoticias.com\/index.php\/2022\/05\/20\/pedido-de-detencion-para-el-hombre-que-tenia-mas-de-dos-kilos-de-cocaina\/\" target=\"_blank\" rel=\"noopener\">al d\u00eda siguiente se efectu\u00f3 la audiencia en la Fiscal\u00eda seguido de la solicitud de detenci\u00f3n<\/a>.<\/p>\n<p>&nbsp;<\/p>\n<p>Tal como lo dio a conocer el fiscal Moyano, <strong>la investigaci\u00f3n mantiene la hip\u00f3tesis de que el acusado comercializaba estupefacientes \u201ca toda la ciudad\u201d<\/strong> mediante la modalidad delivery.<\/p>\n<p>&nbsp;<\/p>\n<p><img data-recalc-dims=\"1\" loading=\"lazy\" decoding=\"async\" class=\"size-full wp-image-55027 aligncenter\" src=\"https:\/\/i0.wp.com\/cdnoticias.com\/wp-content\/uploads\/2022\/05\/allanamiento-droga-azopardo-00.jpg?resize=800%2C445&#038;ssl=1\" alt=\"\" width=\"800\" height=\"445\" srcset=\"https:\/\/i0.wp.com\/cdnoticias.com\/wp-content\/uploads\/2022\/05\/allanamiento-droga-azopardo-00.jpg?w=800&amp;ssl=1 800w, https:\/\/i0.wp.com\/cdnoticias.com\/wp-content\/uploads\/2022\/05\/allanamiento-droga-azopardo-00.jpg?resize=300%2C167&amp;ssl=1 300w, https:\/\/i0.wp.com\/cdnoticias.com\/wp-content\/uploads\/2022\/05\/allanamiento-droga-azopardo-00.jpg?resize=768%2C427&amp;ssl=1 768w\" sizes=\"auto, (max-width: 800px) 100vw, 800px\" \/><\/p>\n<p>&nbsp;<\/p>\n<blockquote><p>G\u00f3mez qued\u00f3 detenido por \u201ctenencia de estupefacientes con fines de comercializaci\u00f3n en dosis fraccionadas destinadas al consumidor\u201d y \u201ctenencia de arma de fuego de uso civil\u201d.<\/p><\/blockquote>\n<p>&nbsp;<\/p>\n<p><strong>Uno de los allanamientos se concret\u00f3 en la vivienda del acusado en Azopardo al 4500<\/strong>. All\u00ed se hall\u00f3 m\u00e1s de dos kilos de coca\u00edna en una bocha y en dosis fraccionadas, una cantidad de dinero en efectivo estimada en m\u00e1s de 100.000 pesos y una pistola calibre 22 con silenciador entre numerosos elementos. Adem\u00e1s fue positivo otro procedimiento: <strong>en el auto Chevrolet Corsa, propiedad del imputado, que estaba en una cochera de Saavedra y Collinet<\/strong>, donde se hallaron m\u00e1s dosis de coca\u00edna fraccionada para la venta. Hubo un tercer allanamiento, en Grimaldi Bis al 600.<\/p>\n<p>&nbsp;<\/p>\n<p>Se estim\u00f3 que en total <strong>la droga incautada est\u00e1 valuada en unos 9 millones de pesos<\/strong>.<\/p>\n","protected":false},"excerpt":{"rendered":"<p>El Juzgado de Garant\u00edas N\u00ba 2 aval\u00f3 el pedido de la UFI N\u00ba 19. Est\u00e1 acusado por \u201ctenencia de estupefacientes<\/p>\n","protected":false},"author":4,"featured_media":55138,"comment_status":"closed","ping_status":"closed","sticky":false,"template":"","format":"standard","meta":{"_jetpack_memberships_contains_paid_content":false,"footnotes":""},"categories":[14,1],"tags":[],"class_list":["post-55331","post","type-post","status-publish","format-standard","has-post-thumbnail","hentry","category-policiales","category-portada"],"jetpack_featured_media_url":"https:\/\/i0.wp.com\/cdnoticias.com\/wp-content\/uploads\/2022\/05\/allanamiento-droga-azopardo-05.jpg?fit=1000%2C556&ssl=1","jetpack_sharing_enabled":true,"_links":{"self":[{"href":"https:\/\/cdnoticias.com\/index.php\/wp-json\/wp\/v2\/posts\/55331","targetHints":{"allow":["GET"]}}],"collection":[{"href":"https:\/\/cdnoticias.com\/index.php\/wp-json\/wp\/v2\/posts"}],"about":[{"href":"https:\/\/cdnoticias.com\/index.php\/wp-json\/wp\/v2\/types\/post"}],"author":[{"embeddable":true,"href":"https:\/\/cdnoticias.com\/index.php\/wp-json\/wp\/v2\/users\/4"}],"replies":[{"embeddable":true,"href":"https:\/\/cdnoticias.com\/index.php\/wp-json\/wp\/v2\/comments?post=55331"}],"version-history":[{"count":0,"href":"https:\/\/cdnoticias.com\/index.php\/wp-json\/wp\/v2\/posts\/55331\/revisions"}],"wp:featuredmedia":[{"embeddable":true,"href":"https:\/\/cdnoticias.com\/index.php\/wp-json\/wp\/v2\/media\/55138"}],"wp:attachment":[{"href":"https:\/\/cdnoticias.com\/index.php\/wp-json\/wp\/v2\/media?parent=55331"}],"wp:term":[{"taxonomy":"category","embeddable":true,"href":"https:\/\/cdnoticias.com\/index.php\/wp-json\/wp\/v2\/categories?post=55331"},{"taxonomy":"post_tag","embeddable":true,"href":"https:\/\/cdnoticias.com\/index.php\/wp-json\/wp\/v2\/tags?post=55331"}],"curies":[{"name":"wp","href":"https:\/\/api.w.org\/{rel}","templated":true}]}}